{"id":788,"date":"2013-04-15T22:53:11","date_gmt":"2013-04-15T21:53:11","guid":{"rendered":"http:\/\/www.mujerpalabra.net\/frases\/?p=788"},"modified":"2013-04-15T22:57:50","modified_gmt":"2013-04-15T21:57:50","slug":"agradecimiento-de-ada-colau-ballano","status":"publish","type":"post","link":"https:\/\/www.mujerpalabra.net\/frases\/?p=788","title":{"rendered":"Agradecimiento de Ada Colau Ballano"},"content":{"rendered":"<p><img loading=\"lazy\" decoding=\"async\" class=\"wp-image-789 alignright\" title=\"Ada Colau Ballano\" src=\"https:\/\/www.mujerpalabra.net\/frases\/wp-content\/uploads\/2013\/04\/adacolau.jpg\" alt=\"\" width=\"300\" height=\"225\" \/>\u00abMuch\u00edsimas gracias por los centenares de mensajes de apoyo que estoy recibiendo estos d\u00edas. Me resulta imposible responderlos todos, pero los agradezco de coraz\u00f3n y os aseguro que nos llenan de fuerza. Aunque no tengamos el poder que tiene la banca ni su capacidad para presionar al gobierno, defendemos los derechos humanos, tenemos la raz\u00f3n y somos mayor\u00eda, y eso nos hace imPAHrables. Lo vamos a conseguir. \u00a1\u00a1\u00a1S\u00ed Se Puede!!!\u00bb<\/p>\n<p>14 abril 2013. Cita extra\u00edda de <a href=\"https:\/\/www.facebook.com\/ada.ballano\">su P\u00e1gina Me Gusta en Fb<\/a><\/p>\n<p><a href=\"http:\/\/afectadosporlahipoteca.com\/\">Plataforma de <strong>Personas<\/strong> Afectadas por la Hipoteca<\/a><br \/>\ncon <a href=\"http:\/\/www.mujerpalabra.net\/activismo\/adnvlenguaje.htm\">ADNV Lenguaje<\/a><\/p>\n<p>Visitas: 125<\/p>","protected":false},"excerpt":{"rendered":"<p>\u00abMuch\u00edsimas gracias por los centenares de mensajes de apoyo que estoy recibiendo estos d\u00edas. Me resulta imposible responderlos todos, pero los agradezco de coraz\u00f3n y os aseguro que nos llenan de fuerza. Aunque no tengamos el poder que tiene la &hellip; <a href=\"https:\/\/www.mujerpalabra.net\/frases\/?p=788\">Sigue leyendo <span class=\"meta-nav\">&rarr;<\/span><\/a><\/p>\n","protected":false},"author":5,"featured_media":0,"comment_status":"open","ping_status":"open","sticky":false,"template":"","format":"standard","meta":{"footnotes":""},"categories":[239],"tags":[241,240,21],"class_list":["post-788","post","type-post","status-publish","format-standard","hentry","category-ada-collau-ballano","tag-derecho-a-vivienda","tag-desahucios","tag-europa"],"_links":{"self":[{"href":"https:\/\/www.mujerpalabra.net\/frases\/index.php?rest_route=\/wp\/v2\/posts\/788","targetHints":{"allow":["GET"]}}],"collection":[{"href":"https:\/\/www.mujerpalabra.net\/frases\/index.php?rest_route=\/wp\/v2\/posts"}],"about":[{"href":"https:\/\/www.mujerpalabra.net\/frases\/index.php?rest_route=\/wp\/v2\/types\/post"}],"author":[{"embeddable":true,"href":"https:\/\/www.mujerpalabra.net\/frases\/index.php?rest_route=\/wp\/v2\/users\/5"}],"replies":[{"embeddable":true,"href":"https:\/\/www.mujerpalabra.net\/frases\/index.php?rest_route=%2Fwp%2Fv2%2Fcomments&post=788"}],"version-history":[{"count":4,"href":"https:\/\/www.mujerpalabra.net\/frases\/index.php?rest_route=\/wp\/v2\/posts\/788\/revisions"}],"predecessor-version":[{"id":794,"href":"https:\/\/www.mujerpalabra.net\/frases\/index.php?rest_route=\/wp\/v2\/posts\/788\/revisions\/794"}],"wp:attachment":[{"href":"https:\/\/www.mujerpalabra.net\/frases\/index.php?rest_route=%2Fwp%2Fv2%2Fmedia&parent=788"}],"wp:term":[{"taxonomy":"category","embeddable":true,"href":"https:\/\/www.mujerpalabra.net\/frases\/index.php?rest_route=%2Fwp%2Fv2%2Fcategories&post=788"},{"taxonomy":"post_tag","embeddable":true,"href":"https:\/\/www.mujerpalabra.net\/frases\/index.php?rest_route=%2Fwp%2Fv2%2Ftags&post=788"}],"curies":[{"name":"wp","href":"https:\/\/api.w.org\/{rel}","templated":true}]}}