{"id":172,"date":"2012-03-03T17:58:08","date_gmt":"2012-03-03T16:58:08","guid":{"rendered":"http:\/\/www.mujerpalabra.net\/frases\/?p=172"},"modified":"2012-07-02T02:07:57","modified_gmt":"2012-07-02T01:07:57","slug":"irena-sendler","status":"publish","type":"post","link":"https:\/\/www.mujerpalabra.net\/frases\/?p=172","title":{"rendered":"Irena Sendler"},"content":{"rendered":"<p>Citas de Irena Sendler<\/p>\n<blockquote><p><a href=\"https:\/\/www.mujerpalabra.net\/frases\/wp-content\/uploads\/2012\/03\/irene.jpg\"><img loading=\"lazy\" decoding=\"async\" class=\"alignright size-medium wp-image-173\" title=\"irena sendler\" src=\"https:\/\/www.mujerpalabra.net\/frases\/wp-content\/uploads\/2012\/03\/irene-300x200.jpg\" alt=\"\" width=\"300\" height=\"200\" srcset=\"https:\/\/www.mujerpalabra.net\/frases\/wp-content\/uploads\/2012\/03\/irene-300x200.jpg 300w, https:\/\/www.mujerpalabra.net\/frases\/wp-content\/uploads\/2012\/03\/irene.jpg 400w\" sizes=\"auto, (max-width: 300px) 100vw, 300px\" \/><\/a>Perm\u00edtanme subrayar con mayor \u00e9nfasis <em>quienes<\/em> estaban rescatando a los ni\u00f1os <em>y las ni\u00f1as<\/em> no son una especie de h\u00e9roes. De hecho, ese t\u00e9rmino me irrita enormemente. Lo contrario es cierto. Sigo teniendo remordimientos de conciencia por haber hecho tan poco.<\/p>\n<p>La raz\u00f3n por la cual rescat\u00e9 a las ni\u00f1as y los ni\u00f1os tiene su origen en mi hogar, en mi infancia. Fui educada en la creencia de que una persona necesitada debe ser ayudada de coraz\u00f3n, sin mirar su religi\u00f3n o su nacionalidad.<\/p>\n<p>Cada ni\u00f1a o ni\u00f1o salvado con mi ayuda es la justificaci\u00f3n de mi existencia en esta tierra, y no un titulo de gloria.<\/p>\n<p>No se plantan semillas de comida. Se plantan semillas de bondades. Traten de hacer un c\u00edrculo de bondades, \u00e9stas les rodear\u00e1n y les har\u00e1n crecer m\u00e1s y m\u00e1s.<\/p><\/blockquote>\n<p><strong>Asun<\/strong>: Se rod\u00f3 una pel\u00edcula sobre su vida \u00abLos ni\u00f1os de Irena Sendler\u00bb, tambi\u00e9n titulada como \u00abEl coraz\u00f3n valiente de Irena Sendler\u00bb. \u00a0El gui\u00f3n est\u00e1 basado en el libro de Anna Mieszkovskoy \u00abMadre de los ni\u00f1os del Holocausto \u2013 la historia de Irena Sendler\u00bb .<\/p>\n<p>Visitas: 747<\/p>","protected":false},"excerpt":{"rendered":"<p>Citas de Irena Sendler Perm\u00edtanme subrayar con mayor \u00e9nfasis quienes estaban rescatando a los ni\u00f1os y las ni\u00f1as no son una especie de h\u00e9roes. De hecho, ese t\u00e9rmino me irrita enormemente. Lo contrario es cierto. Sigo teniendo remordimientos de conciencia &hellip; <a href=\"https:\/\/www.mujerpalabra.net\/frases\/?p=172\">Sigue leyendo <span class=\"meta-nav\">&rarr;<\/span><\/a><\/p>\n","protected":false},"author":2,"featured_media":0,"comment_status":"open","ping_status":"open","sticky":false,"template":"","format":"standard","meta":{"footnotes":""},"categories":[38],"tags":[56,39,146,147,33,135,21,145,68,40],"class_list":["post-172","post","type-post","status-publish","format-standard","hentry","category-irena-sendler","tag-activista","tag-compromiso","tag-conciencia","tag-creencias","tag-empatia","tag-etica","tag-europa","tag-heroicidad","tag-infancia","tag-politica"],"_links":{"self":[{"href":"https:\/\/www.mujerpalabra.net\/frases\/index.php?rest_route=\/wp\/v2\/posts\/172","targetHints":{"allow":["GET"]}}],"collection":[{"href":"https:\/\/www.mujerpalabra.net\/frases\/index.php?rest_route=\/wp\/v2\/posts"}],"about":[{"href":"https:\/\/www.mujerpalabra.net\/frases\/index.php?rest_route=\/wp\/v2\/types\/post"}],"author":[{"embeddable":true,"href":"https:\/\/www.mujerpalabra.net\/frases\/index.php?rest_route=\/wp\/v2\/users\/2"}],"replies":[{"embeddable":true,"href":"https:\/\/www.mujerpalabra.net\/frases\/index.php?rest_route=%2Fwp%2Fv2%2Fcomments&post=172"}],"version-history":[{"count":5,"href":"https:\/\/www.mujerpalabra.net\/frases\/index.php?rest_route=\/wp\/v2\/posts\/172\/revisions"}],"predecessor-version":[{"id":444,"href":"https:\/\/www.mujerpalabra.net\/frases\/index.php?rest_route=\/wp\/v2\/posts\/172\/revisions\/444"}],"wp:attachment":[{"href":"https:\/\/www.mujerpalabra.net\/frases\/index.php?rest_route=%2Fwp%2Fv2%2Fmedia&parent=172"}],"wp:term":[{"taxonomy":"category","embeddable":true,"href":"https:\/\/www.mujerpalabra.net\/frases\/index.php?rest_route=%2Fwp%2Fv2%2Fcategories&post=172"},{"taxonomy":"post_tag","embeddable":true,"href":"https:\/\/www.mujerpalabra.net\/frases\/index.php?rest_route=%2Fwp%2Fv2%2Ftags&post=172"}],"curies":[{"name":"wp","href":"https:\/\/api.w.org\/{rel}","templated":true}]}}