{"id":729,"date":"2012-05-19T21:57:56","date_gmt":"2012-05-19T21:57:56","guid":{"rendered":"http:\/\/www.mujerpalabra.net\/blog\/?p=729"},"modified":"2012-09-01T21:33:56","modified_gmt":"2012-09-01T21:33:56","slug":"un-viejo-consumidor-de-literatura-basura-la-representacion-del-idealismo","status":"publish","type":"post","link":"https:\/\/www.mujerpalabra.net\/blog\/?p=729","title":{"rendered":"\u00bfUn viejo consumidor de literatura basura la representaci\u00f3n del idealismo?"},"content":{"rendered":"<p>Don Quijote frente a los molinos no representa la lucha idealista contra el Poder establecido, lo que representa, quiz\u00e1, David ante Goliat por poner un ejemplo que se entienda, o innumerables im\u00e1genes feministas, por mentar una evidencia que a menudo se ignora. De lo que yo entend\u00ed, Cervantes era bastante cr\u00edtico con muchas cosas, lo que consta en el pr\u00f3logo de Don Quijote y lo que se desprende del hecho registrado de que leyendo basurilla s\u00ed se te puede ir la olla.<\/p>\n<p>Sin embargo, y me parece sospechoso, se asocia al viejo caballero que perdi\u00f3 la cabeza leyendo literatura basura (para la \u00e9poca las novelas de caballer\u00edas) continuamente al idealismo. \u00a1\u00bfPero esto qu\u00e9 es?! \u00a1Pobre Cervantes! Distorsionado hasta la n\u00e1usea por activa y por pasiva cuando no puede defender su obra. \u00bfO el dinero de la fama del personaje o el poder que le diera le hubiera cerrado la boca al propio autor? La verdad es que no imagino a Miguel de Cervantes haci\u00e9ndole tal mezquindad al mundo o a su inteligencia.<\/p>\n<p>En el camino que me abre mi sospecha, pienso que a Mary Wollstonecraft le habr\u00edan hecho lo mismo con sus \u201cficciones\u201d: que pretendiendo ella denunciar con la novela llamada filos\u00f3fica la adicci\u00f3n y las nefastas ideas que genera y sostiene siempre la literatura basura dirigida a las mujeres (en la \u00e9poca llamadas <em>rom\u00e1nticas<\/em>) acab\u00e1ramos tomando a su hero\u00edna como ideal de madre y esposa en el Sistema patriarcal.<\/p>\n<p>El idealismo no es cuesti\u00f3n de gente que ha perdido la cabeza y tiene comportamientos absurdos o grotescos aunque tambi\u00e9n un coraz\u00f3n muy grande. Las personas idealistas pueden saber perfectamente d\u00f3nde est\u00e1n y pueden nutrir sus ideas de razonamientos y no de historias dise\u00f1adas para que nadie luche por nada y ocupe su \u00abocio\u00bb con materiales que mantienen siempre las cosas \u00aben su sitio\u00bb.<\/p>\n<p>La difamaci\u00f3n y la distorsi\u00f3n, qu\u00e9 armas tan corrosivas. Despu\u00e9s de la omisi\u00f3n, son las m\u00e1s usadas, por eficaces, contra las personas (en especial, mujeres) que piensan y expresan desde mentalidades cr\u00edticas, o sea, constructivas. Lo m\u00e1s espeluznante es la facilidad con que las usa todo el mundo sin saber siquiera que se est\u00e1 siendo una tuerca m\u00e1s en la fundamental maquinaria patriarcal&#8230; Claro que podemos verlo como inocente, coincidencia, error, as\u00ed seguiremos sin tener nada que ver, como sociedad, con ning\u00fan crimen del flujo de esta Historia. Como si de principio a siempre la \u00fanica posibilidad fuera la que concibieron los Patriarcas.<\/p>\n<p>&nbsp;<\/p>\n","protected":false},"excerpt":{"rendered":"<p>Don Quijote frente a los molinos no representa la lucha idealista contra el Poder establecido, lo que representa, quiz\u00e1, David ante Goliat por poner un ejemplo que se entienda, o innumerables im\u00e1genes feministas, por mentar una evidencia que a menudo se ignora. De lo que yo entend\u00ed, Cervantes era bastante cr\u00edtico con muchas cosas, lo [&hellip;]<\/p>\n","protected":false},"author":1,"featured_media":0,"comment_status":"open","ping_status":"open","sticky":false,"template":"","format":"standard","meta":{"footnotes":""},"categories":[4],"tags":[36,92,93,34,94,91,33,35,37],"class_list":["post-729","post","type-post","status-publish","format-standard","hentry","category-pensamientos-thoughts","tag-cervantes","tag-david-y-goliat","tag-difamacion","tag-ideales","tag-idealismo","tag-lucha","tag-patriarcado","tag-poder","tag-quijote"],"_links":{"self":[{"href":"https:\/\/www.mujerpalabra.net\/blog\/index.php?rest_route=\/wp\/v2\/posts\/729","targetHints":{"allow":["GET"]}}],"collection":[{"href":"https:\/\/www.mujerpalabra.net\/blog\/index.php?rest_route=\/wp\/v2\/posts"}],"about":[{"href":"https:\/\/www.mujerpalabra.net\/blog\/index.php?rest_route=\/wp\/v2\/types\/post"}],"author":[{"embeddable":true,"href":"https:\/\/www.mujerpalabra.net\/blog\/index.php?rest_route=\/wp\/v2\/users\/1"}],"replies":[{"embeddable":true,"href":"https:\/\/www.mujerpalabra.net\/blog\/index.php?rest_route=%2Fwp%2Fv2%2Fcomments&post=729"}],"version-history":[{"count":6,"href":"https:\/\/www.mujerpalabra.net\/blog\/index.php?rest_route=\/wp\/v2\/posts\/729\/revisions"}],"predecessor-version":[{"id":907,"href":"https:\/\/www.mujerpalabra.net\/blog\/index.php?rest_route=\/wp\/v2\/posts\/729\/revisions\/907"}],"wp:attachment":[{"href":"https:\/\/www.mujerpalabra.net\/blog\/index.php?rest_route=%2Fwp%2Fv2%2Fmedia&parent=729"}],"wp:term":[{"taxonomy":"category","embeddable":true,"href":"https:\/\/www.mujerpalabra.net\/blog\/index.php?rest_route=%2Fwp%2Fv2%2Fcategories&post=729"},{"taxonomy":"post_tag","embeddable":true,"href":"https:\/\/www.mujerpalabra.net\/blog\/index.php?rest_route=%2Fwp%2Fv2%2Ftags&post=729"}],"curies":[{"name":"wp","href":"https:\/\/api.w.org\/{rel}","templated":true}]}}