{"id":6312,"date":"2025-05-01T00:27:03","date_gmt":"2025-04-30T22:27:03","guid":{"rendered":"https:\/\/www.mujerpalabra.net\/blog\/?p=6312"},"modified":"2025-05-02T19:29:01","modified_gmt":"2025-05-02T17:29:01","slug":"afecto-poema","status":"publish","type":"post","link":"https:\/\/www.mujerpalabra.net\/blog\/?p=6312","title":{"rendered":"Afecto (Poema)"},"content":{"rendered":"\n<p>Los zarcillos del afecto<\/p>\n\n\n\n<p>no perduran en todas las personas,<\/p>\n\n\n\n<p>he aprendido.<\/p>\n\n\n\n<p><\/p>\n\n\n\n<p>El afecto se esfuma:<\/p>\n\n\n\n<p>rastro de humo<\/p>\n\n\n\n<p>de una extra\u00f1a en un tren<\/p>\n\n\n\n<p>con la que se mat\u00f3 el tiempo;<\/p>\n\n\n\n<p>la sangre de la memoria,<\/p>\n\n\n\n<p>la conexi\u00f3n, esa posibilidad<\/p>\n\n\n\n<p>de un mundo emp\u00e1tico.<\/p>\n\n\n\n<p><\/p>\n\n\n\n<p>Constituye un problema, sin duda:<\/p>\n\n\n\n<p>una sociedad sin tiempo <\/p>\n\n\n\n<p>para el afecto, sin ganas,<\/p>\n\n\n\n<p>sin generosidad para vivir.<\/p>\n\n\n\n<p><\/p>\n\n\n\n<p><\/p>\n\n\n\n<p><\/p>\n\n\n\n<figure class=\"wp-block-gallery has-nested-images columns-default is-cropped wp-block-gallery-1 is-layout-flex wp-block-gallery-is-layout-flex\">\n<figure class=\"wp-block-image size-large\"><a href=\"https:\/\/www.mujerpalabra.net\/blog\/wp-content\/uploads\/2025\/05\/1000038621.jpg\"><img loading=\"lazy\" decoding=\"async\" width=\"740\" height=\"617\" data-id=\"6325\" src=\"https:\/\/www.mujerpalabra.net\/blog\/wp-content\/uploads\/2025\/05\/1000038621.jpg\" alt=\"\" class=\"wp-image-6325\" srcset=\"https:\/\/www.mujerpalabra.net\/blog\/wp-content\/uploads\/2025\/05\/1000038621.jpg 740w, https:\/\/www.mujerpalabra.net\/blog\/wp-content\/uploads\/2025\/05\/1000038621-300x250.jpg 300w\" sizes=\"auto, (max-width: 740px) 100vw, 740px\" \/><\/a><\/figure>\n<\/figure>\n\n\n\n<p><\/p>\n\n\n\n<p>Camino descalza<\/p>\n\n\n\n<p>michelle reny\u00e9<\/p>\n","protected":false},"excerpt":{"rendered":"<p>Los zarcillos del afecto no perduran en todas las personas, he aprendido. El afecto se esfuma: rastro de humo de una extra\u00f1a en un tren con la que se mat\u00f3 el tiempo; la sangre de la memoria, la conexi\u00f3n, esa posibilidad de un mundo emp\u00e1tico. Constituye un problema, sin duda: una sociedad sin tiempo para [&hellip;]<\/p>\n","protected":false},"author":1,"featured_media":0,"comment_status":"open","ping_status":"open","sticky":false,"template":"","format":"standard","meta":{"footnotes":""},"categories":[5],"tags":[],"class_list":["post-6312","post","type-post","status-publish","format-standard","hentry","category-poemas-poems"],"_links":{"self":[{"href":"https:\/\/www.mujerpalabra.net\/blog\/index.php?rest_route=\/wp\/v2\/posts\/6312","targetHints":{"allow":["GET"]}}],"collection":[{"href":"https:\/\/www.mujerpalabra.net\/blog\/index.php?rest_route=\/wp\/v2\/posts"}],"about":[{"href":"https:\/\/www.mujerpalabra.net\/blog\/index.php?rest_route=\/wp\/v2\/types\/post"}],"author":[{"embeddable":true,"href":"https:\/\/www.mujerpalabra.net\/blog\/index.php?rest_route=\/wp\/v2\/users\/1"}],"replies":[{"embeddable":true,"href":"https:\/\/www.mujerpalabra.net\/blog\/index.php?rest_route=%2Fwp%2Fv2%2Fcomments&post=6312"}],"version-history":[{"count":12,"href":"https:\/\/www.mujerpalabra.net\/blog\/index.php?rest_route=\/wp\/v2\/posts\/6312\/revisions"}],"predecessor-version":[{"id":6332,"href":"https:\/\/www.mujerpalabra.net\/blog\/index.php?rest_route=\/wp\/v2\/posts\/6312\/revisions\/6332"}],"wp:attachment":[{"href":"https:\/\/www.mujerpalabra.net\/blog\/index.php?rest_route=%2Fwp%2Fv2%2Fmedia&parent=6312"}],"wp:term":[{"taxonomy":"category","embeddable":true,"href":"https:\/\/www.mujerpalabra.net\/blog\/index.php?rest_route=%2Fwp%2Fv2%2Fcategories&post=6312"},{"taxonomy":"post_tag","embeddable":true,"href":"https:\/\/www.mujerpalabra.net\/blog\/index.php?rest_route=%2Fwp%2Fv2%2Ftags&post=6312"}],"curies":[{"name":"wp","href":"https:\/\/api.w.org\/{rel}","templated":true}]}}