{"id":6273,"date":"2025-03-15T13:16:09","date_gmt":"2025-03-15T12:16:09","guid":{"rendered":"https:\/\/www.mujerpalabra.net\/blog\/?p=6273"},"modified":"2025-03-15T21:42:25","modified_gmt":"2025-03-15T20:42:25","slug":"soy-vieja-no-significa-lo-que-entienden","status":"publish","type":"post","link":"https:\/\/www.mujerpalabra.net\/blog\/?p=6273","title":{"rendered":"\u201cSoy vieja\u201d no significa lo que entienden"},"content":{"rendered":"\n<p>\u201cSoy vieja\u201d no significa lo que entienden<\/p>\n\n\n\n<p>Cuando digo \u201csoy vieja\u201d es normalmente para indicar que lo que expreso lo dice alguien que ha llegado a esa edad humana. (Sugiero que se relea la frase para entender lo que pone, sin interpretar cosas que no expresa.)<\/p>\n\n\n\n<p>Llegar a la vejez me parece incre\u00edble, lo celebro a diario, lo disfruto a diario, aunque aqu\u00ed tambi\u00e9n hay trabajos de aprendizaje (como en todas las edades humanas, muchos menos, pero importantes). Yo no cambiar\u00eda esta fase por ninguna anterior, sin dudarlo un segundo no la cambiar\u00eda. Ser mujer en los patriarcados de violencia-prevalencia es muy pesado.<\/p>\n\n\n\n<p>Si eres Mujer, la gente a tu alrededor siempre partir\u00e1 de dudar de tu inteligencia, de que est\u00e9s diciendo lo que quieres decir, de tu cordura, aunque te \u201cquieran bien\u201d. Si en general, en esta cultura y sus valores, lo normal es no escuchar, cuando adem\u00e1s dices que eres vieja, saltar\u00e1n todas las alarmas en lugar de entenderse por qu\u00e9 se da esa informaci\u00f3n. Entre la gente m\u00e1s joven suscitar\u00e1 condescendencia, \u201cNo eres vieja\u201d (aunque es lo que eres \u00a1y lo ven!) y entre gente de tu edad, horror (como si ser vieja fuera tener un pie en la tumba, cuando morir es algo que ocurre mucho a todas las edades, y no te digo si adem\u00e1s te matan). Ser vieja no es algo que suscite inter\u00e9s ni curiosidad, en general, ni respeto, claro. Lo que har\u00e1 pronto la gente es corregirte, orientarte, \u00abapoyarte\u00bb, porque no piensan ni siquiera leen lo que pones, para entender el mensaje. No cabe en la cabeza que nadie pueda decir \u201cSoy vieja\u201d como informaci\u00f3n para que te ubiques, pues no igual decir algo desde la vejez que desde la juventud. No quiere decir que en la vejez todo el mundo tenga raz\u00f3n frente a la juventud. Este marco intepretativo patriarcal que perpet\u00faa la guerra en todo y del que yo soy muy consciente para escapar a menudo. Pero  s\u00ed quiere decir que hay posibilidades que esa persona haya observado, meditado y aprendido algo que podr\u00eda tener alg\u00fan valor para quien escucha o incluso la comunidad.<\/p>\n\n\n\n<p>Como soy vieja, es decir, como vengo observando este problema de forzar a la gente a ver la vejez como algo malo, y desvalorizarla, todo principalmente sin mala intenci\u00f3n desde que cumpl\u00ed 50 a\u00f1os hasta hoy casi 12 a\u00f1os despu\u00e9s, es decir, como no hablo sin haber observado (soy as\u00ed, aunque vieja, de naturaleza viva, curiosa, de buscar conexiones y tranformaciones de lo malo, soluciones noviolentas; me gusta observar y\/para comprender, y la imaginaci\u00f3n la uso para mil cosas pero no para no escuchar lo que la gente dice), voy a recomendar algo:<\/p>\n\n\n\n<p>Que antes de interpretar un mensaje, se lea con atenci\u00f3n, sobre todo si el impulso es de inmediato a CORREGIR a la persona, particularmente a quien se identifica socialmente como Mujer (yo ya lo dije de peque\u00f1a, cuando me dec\u00edan a cada paso que \u201cEso no es de ni\u00f1as\u201d: ser\u00e9 un saltamontes). Que antes de determinar que una mujer NO SABE LLAMARSE, no sabe lo que se dice, hag\u00e1is como se recomendaba cuando empezaron las redes sociales o hacia 2010, al menos entre gente que nos comunic\u00e1bamos porque sab\u00edamos las posibilidades de transformaci\u00f3n social que representaba que cualquier persona pudiera acceder a todas las informaciones y a comunicarse con todo tipo de personas en internet: preguntar antes de responder para verificar si se ha interpretado bien el mensaje (sobre todo si ves muy claro que tienes que decirle algo a esa persona, sea \u201cbueno o malo\u201d). Porque a lo mejor has interpretado mal, y hay que verificar que entiendes lo que ha puesto la persona a la que vas a indicar que no sabe lo que se dice.<\/p>\n\n\n\n<p>Yo no digo \u201csoy mayor\u201d porque es un comparativo, y esta edad para m\u00ed no depende de comparaci\u00f3n alguna, tiene su propio estatus, su propio nombre: vieja, vejez. Y no digo nunca \u201csoy vieja\u201d desde el apocamiento, si se leen los mensajes donde aparece, se puede verificar porque el resto del mensaje le da un contexto que permite la correcta interpretaci\u00f3n.<\/p>\n\n\n\n<p>La edad anciana cubre todos los a\u00f1os de todas las edades anteriores, como dice mi amiga Marie (si no te matan, no te matas, o no mueres por alguna enfermedad). Digo soy vieja con orgullo por haber llegado aqu\u00ed, me parece incre\u00edble y motivo de celebraci\u00f3n diaria. Yo ya viv\u00eda al d\u00eda, es una tendencia que heredo de mi madre, y de una familia con tendencias a librarse de la normalizaci\u00f3n inescapable por su amor al arte, a la creatividad, a la imaginaci\u00f3n. Y \u00e9ste sigue siendo para m\u00ed ahora en la vejez un enfoque muy bueno, vivir al d\u00eda.<\/p>\n\n\n\n<p>Esta edad es un lugar incomparable cuando no te has dejado (todo un inmenso forzarte de continuo), cuando has sobrevivido a tu sociedad y cultura sin perder tus cualidades humanas, cuando has atravesado sin perderte a pesar de la inmensa dificultad mil luchas a\u00f1adidas a todas las dem\u00e1s, luchas para normalizarte, que es decir, someterte a la visi\u00f3n prevalente, tan destructiva y hostil a todo lo bueno humano. No cambiar\u00eda mi cabeza de hoy, por mi cabeza antes, cuando dud\u00e9 tanto de mi criterio porque la gente no tiene verg\u00fcenza de ejercitar la dominaci\u00f3n, el intento continuado de forzar a otras personas a ser como ven.<\/p>\n\n\n\n<p>Lo expreso de nuevo. Ser (vista como) Mujer en esta sociedad ha sido un infierno de masiva falta de respeto a todas horas, desde mi infancia, adolescencia, juventud mayor, edad madura, siempre, por la obsesi\u00f3n cultural y social de normalizarnos a una identidad que nos es ajena. Como persona fundamentalmente emp\u00e1tica, inteligente y altruista, he escuchado y considerado, por si yo estaba en un error, he incluso dudado de m\u00ed misma, dada la magnitud del consenso, hasta ver eso, que la inmensa mayor\u00eda no se da cuenta de c\u00f3mo perpet\u00faa la cultura de violencia-prevalencia a cada paso, porque lo importante es tener raz\u00f3n, ese forzar, para dominar, someter, porque la identidad se tiene necesariamente que construir a costa de otras identidades, es Ley del Padre, y merece todo el desprecio y las violencias posibles si no se acata esta ley. Yo he sobrevivido a todo esto conservando mi cabeza, y me parece un m\u00e9rito llegar a la vejez, no s\u00f3lo una suerte. Feliz de ser vieja.<\/p>\n\n\n\n<p>Recomendar\u00eda que se prestara m\u00e1s atenci\u00f3n al lenguaje que usamos y c\u00f3mo nos comunicamos. Se ver\u00eda m\u00e1s claro, aunque requiere un control del miedo o valent\u00eda que ciertamente nace de valorar m\u00e1s rescatar lo m\u00e1s humano porque la cultura nos ha perjudicado hasta la m\u00e9dula. Aunque la intenci\u00f3n sea buena, interpretar el uso de la palabra \u201cvieja\u201d patriarcalmente sin salvaci\u00f3n es perpetuar sus sistemas de capacitismo, edadismo, y misoginia. Es educarnos en decirnos que las mujeres no razonan, no saben lo que se dicen, \u00a1no saben c\u00f3mo se llaman! (concebir que esto es posible viene de nuestra perpetuaci\u00f3n del lenguaje androc\u00e9ntrico, tan humillante porque cuando hablamos como personas nos suena mal usar el femenino, que supuestamente es un rasgo fundamental de qui\u00e9nes somos; si te llamas en masculino, no te tienes ni el m\u00ednimo respeto de llamarte sola quien en principio dices que eres, por qu\u00e9 te va a respetar el resto de la sociedad). Es educarnos a pensar que ser vieja es tan malo que no puede ni nombrarse, que las \u00fanicas capacidades que importan pasan por ser joven, porque en realidad haber aprendido en la vida en esta guerra perpetua contra las identidades, para normalizar de acuerdo a valores terribles, autodestructivos, no merece ning\u00fan respeto.<\/p>\n\n\n\n<p>En fin. Yo seguir\u00e9 llam\u00e1ndome como me llamo. No existe ninguna posibilidad, desde mi conocimiento y experiencia, de que deje de llamarme vieja.<\/p>\n\n\n\n<p>Fuente: <a href=\"https:\/\/www.mujerpalabra.net\/blog\/?p=6273\">https:\/\/www.mujerpalabra.net\/blog\/?p=6273<\/a> \u00abPalabras. Cuaderno de apuntes de michelle reny\u00e9\u00bb En mujerpalabra.net &gt; Creadoras<\/p>\n\n\n\n<figure class=\"wp-block-image size-full\"><a href=\"https:\/\/www.mujerpalabra.net\/blog\/wp-content\/uploads\/2025\/03\/Captura-de-pantalla-2025-03-15-a-las-13.21.25.png\"><img loading=\"lazy\" decoding=\"async\" width=\"681\" height=\"471\" src=\"https:\/\/www.mujerpalabra.net\/blog\/wp-content\/uploads\/2025\/03\/Captura-de-pantalla-2025-03-15-a-las-13.21.25.png\" alt=\"\" class=\"wp-image-6276\" srcset=\"https:\/\/www.mujerpalabra.net\/blog\/wp-content\/uploads\/2025\/03\/Captura-de-pantalla-2025-03-15-a-las-13.21.25.png 681w, https:\/\/www.mujerpalabra.net\/blog\/wp-content\/uploads\/2025\/03\/Captura-de-pantalla-2025-03-15-a-las-13.21.25-300x207.png 300w\" sizes=\"auto, (max-width: 681px) 100vw, 681px\" \/><\/a><\/figure>\n","protected":false},"excerpt":{"rendered":"<p>\u201cSoy vieja\u201d no significa lo que entienden Cuando digo \u201csoy vieja\u201d es normalmente para indicar que lo que expreso lo dice alguien que ha llegado a esa edad humana. (Sugiero que se relea la frase para entender lo que pone, sin interpretar cosas que no expresa.) Llegar a la vejez me parece incre\u00edble, lo celebro [&hellip;]<\/p>\n","protected":false},"author":1,"featured_media":0,"comment_status":"open","ping_status":"open","sticky":false,"template":"","format":"standard","meta":{"footnotes":""},"categories":[326,474,338,65,132,301,292,4,541,311,7],"tags":[648,219,19,66,649,650,31,282,62,281,55],"class_list":["post-6273","post","type-post","status-publish","format-standard","hentry","category-inteligencia-feminista","category-invisibilizacion-patriarcal","category-la-civilizacion-monstruosa","category-lecturas-estudio","category-libro-del-bien","category-manual-que-es-violencia","category-no-pasaremos-a-la-historia","category-pensamientos-thoughts","category-poblaciones-y-comunidades","category-sobre-lenguaje","category-traducciones-translations","tag-capacitismo","tag-combatir-el-sistema","tag-conceptos-rescatados","tag-crueldad-patriarcal","tag-edadismo","tag-faltaderespeto","tag-identidad","tag-misoginia","tag-racionalidad-empatica","tag-respeto","tag-sistema-sexo-genero-patriarcal"],"_links":{"self":[{"href":"https:\/\/www.mujerpalabra.net\/blog\/index.php?rest_route=\/wp\/v2\/posts\/6273","targetHints":{"allow":["GET"]}}],"collection":[{"href":"https:\/\/www.mujerpalabra.net\/blog\/index.php?rest_route=\/wp\/v2\/posts"}],"about":[{"href":"https:\/\/www.mujerpalabra.net\/blog\/index.php?rest_route=\/wp\/v2\/types\/post"}],"author":[{"embeddable":true,"href":"https:\/\/www.mujerpalabra.net\/blog\/index.php?rest_route=\/wp\/v2\/users\/1"}],"replies":[{"embeddable":true,"href":"https:\/\/www.mujerpalabra.net\/blog\/index.php?rest_route=%2Fwp%2Fv2%2Fcomments&post=6273"}],"version-history":[{"count":5,"href":"https:\/\/www.mujerpalabra.net\/blog\/index.php?rest_route=\/wp\/v2\/posts\/6273\/revisions"}],"predecessor-version":[{"id":6280,"href":"https:\/\/www.mujerpalabra.net\/blog\/index.php?rest_route=\/wp\/v2\/posts\/6273\/revisions\/6280"}],"wp:attachment":[{"href":"https:\/\/www.mujerpalabra.net\/blog\/index.php?rest_route=%2Fwp%2Fv2%2Fmedia&parent=6273"}],"wp:term":[{"taxonomy":"category","embeddable":true,"href":"https:\/\/www.mujerpalabra.net\/blog\/index.php?rest_route=%2Fwp%2Fv2%2Fcategories&post=6273"},{"taxonomy":"post_tag","embeddable":true,"href":"https:\/\/www.mujerpalabra.net\/blog\/index.php?rest_route=%2Fwp%2Fv2%2Ftags&post=6273"}],"curies":[{"name":"wp","href":"https:\/\/api.w.org\/{rel}","templated":true}]}}