{"id":5767,"date":"2023-03-04T18:29:21","date_gmt":"2023-03-04T17:29:21","guid":{"rendered":"https:\/\/www.mujerpalabra.net\/blog\/?p=5767"},"modified":"2023-03-04T18:29:23","modified_gmt":"2023-03-04T17:29:23","slug":"la-fuerza-del-maltratador","status":"publish","type":"post","link":"https:\/\/www.mujerpalabra.net\/blog\/?p=5767","title":{"rendered":"La fuerza del maltratador"},"content":{"rendered":"\n<p>Poema en espa\u00f1ol y traducido por m\u00ed al ingl\u00e9s con revisi\u00f3n de mi sister Veronica Kelly (Irlanda) para las acciones \u00abAlerta\u00bb de Caf\u00e9 Feminista Fuengirola-Mijas.<\/p>\n\n\n\n<figure class=\"wp-block-image size-full is-style-default\"><a href=\"https:\/\/www.mujerpalabra.net\/blog\/wp-content\/uploads\/2023\/03\/LA-FUERZA-DEL-MALTRATADOR.png\"><img loading=\"lazy\" decoding=\"async\" width=\"530\" height=\"659\" src=\"https:\/\/www.mujerpalabra.net\/blog\/wp-content\/uploads\/2023\/03\/LA-FUERZA-DEL-MALTRATADOR.png\" alt=\"\" class=\"wp-image-5768\" srcset=\"https:\/\/www.mujerpalabra.net\/blog\/wp-content\/uploads\/2023\/03\/LA-FUERZA-DEL-MALTRATADOR.png 530w, https:\/\/www.mujerpalabra.net\/blog\/wp-content\/uploads\/2023\/03\/LA-FUERZA-DEL-MALTRATADOR-241x300.png 241w\" sizes=\"auto, (max-width: 530px) 100vw, 530px\" \/><\/a><\/figure>\n\n\n\n<figure class=\"wp-block-image size-full is-style-default\"><a href=\"https:\/\/www.mujerpalabra.net\/blog\/wp-content\/uploads\/2023\/03\/LA-FUERZA-DEL-MALTRATADOR-INGLES.png\"><img loading=\"lazy\" decoding=\"async\" width=\"529\" height=\"657\" src=\"https:\/\/www.mujerpalabra.net\/blog\/wp-content\/uploads\/2023\/03\/LA-FUERZA-DEL-MALTRATADOR-INGLES.png\" alt=\"\" class=\"wp-image-5769\" srcset=\"https:\/\/www.mujerpalabra.net\/blog\/wp-content\/uploads\/2023\/03\/LA-FUERZA-DEL-MALTRATADOR-INGLES.png 529w, https:\/\/www.mujerpalabra.net\/blog\/wp-content\/uploads\/2023\/03\/LA-FUERZA-DEL-MALTRATADOR-INGLES-242x300.png 242w\" sizes=\"auto, (max-width: 529px) 100vw, 529px\" \/><\/a><\/figure>\n","protected":false},"excerpt":{"rendered":"<p>Poema en espa\u00f1ol y traducido por m\u00ed al ingl\u00e9s con revisi\u00f3n de mi sister Veronica Kelly (Irlanda) para las acciones \u00abAlerta\u00bb de Caf\u00e9 Feminista Fuengirola-Mijas.<\/p>\n","protected":false},"author":1,"featured_media":0,"comment_status":"open","ping_status":"open","sticky":false,"template":"","format":"standard","meta":{"footnotes":""},"categories":[326,338,132,301,292,5,325],"tags":[219,66,563,55],"class_list":["post-5767","post","type-post","status-publish","format-standard","hentry","category-inteligencia-feminista","category-la-civilizacion-monstruosa","category-libro-del-bien","category-manual-que-es-violencia","category-no-pasaremos-a-la-historia","category-poemas-poems","category-violencia-y-noviolencia","tag-combatir-el-sistema","tag-crueldad-patriarcal","tag-la-fuerza-del-maltratador","tag-sistema-sexo-genero-patriarcal"],"_links":{"self":[{"href":"https:\/\/www.mujerpalabra.net\/blog\/index.php?rest_route=\/wp\/v2\/posts\/5767","targetHints":{"allow":["GET"]}}],"collection":[{"href":"https:\/\/www.mujerpalabra.net\/blog\/index.php?rest_route=\/wp\/v2\/posts"}],"about":[{"href":"https:\/\/www.mujerpalabra.net\/blog\/index.php?rest_route=\/wp\/v2\/types\/post"}],"author":[{"embeddable":true,"href":"https:\/\/www.mujerpalabra.net\/blog\/index.php?rest_route=\/wp\/v2\/users\/1"}],"replies":[{"embeddable":true,"href":"https:\/\/www.mujerpalabra.net\/blog\/index.php?rest_route=%2Fwp%2Fv2%2Fcomments&post=5767"}],"version-history":[{"count":3,"href":"https:\/\/www.mujerpalabra.net\/blog\/index.php?rest_route=\/wp\/v2\/posts\/5767\/revisions"}],"predecessor-version":[{"id":5852,"href":"https:\/\/www.mujerpalabra.net\/blog\/index.php?rest_route=\/wp\/v2\/posts\/5767\/revisions\/5852"}],"wp:attachment":[{"href":"https:\/\/www.mujerpalabra.net\/blog\/index.php?rest_route=%2Fwp%2Fv2%2Fmedia&parent=5767"}],"wp:term":[{"taxonomy":"category","embeddable":true,"href":"https:\/\/www.mujerpalabra.net\/blog\/index.php?rest_route=%2Fwp%2Fv2%2Fcategories&post=5767"},{"taxonomy":"post_tag","embeddable":true,"href":"https:\/\/www.mujerpalabra.net\/blog\/index.php?rest_route=%2Fwp%2Fv2%2Ftags&post=5767"}],"curies":[{"name":"wp","href":"https:\/\/api.w.org\/{rel}","templated":true}]}}