{"id":5756,"date":"2023-02-22T16:03:15","date_gmt":"2023-02-22T15:03:15","guid":{"rendered":"https:\/\/www.mujerpalabra.net\/blog\/?p=5756"},"modified":"2023-02-22T16:04:27","modified_gmt":"2023-02-22T15:04:27","slug":"poema-de-hoy","status":"publish","type":"post","link":"https:\/\/www.mujerpalabra.net\/blog\/?p=5756","title":{"rendered":"Poema pol\u00edtico de hoy"},"content":{"rendered":"\n<p>Tengo neuronas capaces, conservadas<\/p>\n\n\n\n<p>a pesar de la tara de mi grupo Opresor,<\/p>\n\n\n\n<p>de esas que ven lo que est\u00e1 ah\u00ed.<\/p>\n\n\n\n<p>Est\u00e1n cargaditas de cat\u00e1logos de casos<\/p>\n\n\n\n<p>sobre lo que no se quiere ver, que es decir<\/p>\n\n\n\n<p>casos que construyen, perpet\u00faan<\/p>\n\n\n\n<p>el mundo que nos destruye.<\/p>\n\n\n\n<p>Ese mundo que es nuestro y nos ciega<\/p>\n\n\n\n<p>a diario, nos ordena no ver, apreciar o<\/p>\n\n\n\n<p>disfrutar de la realidad cotidiana, pongamos<\/p>\n\n\n\n<p>la compa\u00f1\u00eda de Otras Personas,<\/p>\n\n\n\n<p>la oportunidad de relaci\u00f3n,<\/p>\n\n\n\n<p>de compartir acci\u00f3n conjunta.<\/p>\n\n\n\n<p>Ese mundo que es nuestro y siniestro<\/p>\n\n\n\n<p>en su forzar a creer<\/p>\n\n\n\n<p>que lo que nos da vida y alegr\u00eda<\/p>\n\n\n\n<p>es algo intolerable: amenaza, abuso, carga,<\/p>\n\n\n\n<p>desconsideraci\u00f3n, agresi\u00f3n.<\/p>\n\n\n\n<p>Considerando los casos entre mis iguales<\/p>\n\n\n\n<p>sincr\u00f3nica y diacr\u00f3nicamente<\/p>\n\n\n\n<p>organizo la informaci\u00f3n valiosa de esas peque\u00f1as<\/p>\n\n\n\n<p>distorsiones asesinas:<\/p>\n\n\n\n<p>arrogancia, ansia, subestimaci\u00f3n,<\/p>\n\n\n\n<p>victimismo, egocentrismo,<\/p>\n\n\n\n<p>competencia, desprecio, no aprecio&#8230;<\/p>\n\n\n\n<p>Ver seg\u00fan mandato es un verdadero problema,<\/p>\n\n\n\n<p>por eso me ocupo en estas manualidades.<\/p>\n\n\n\n<p>Espero no perderme cuando de nuevo lleguen<\/p>\n\n\n\n<p>los silencios espesos y los juicios ligeros<\/p>\n\n\n\n<p>que se obcecan en convencerte<\/p>\n\n\n\n<p>de que haces lo que te hacen,<\/p>\n\n\n\n<p>de que eres quien no eres.<\/p>\n","protected":false},"excerpt":{"rendered":"<p>Tengo neuronas capaces, conservadas a pesar de la tara de mi grupo Opresor, de esas que ven lo que est\u00e1 ah\u00ed. Est\u00e1n cargaditas de cat\u00e1logos de casos sobre lo que no se quiere ver, que es decir casos que construyen, perpet\u00faan el mundo que nos destruye. Ese mundo que es nuestro y nos ciega a [&hellip;]<\/p>\n","protected":false},"author":1,"featured_media":0,"comment_status":"open","ping_status":"open","sticky":false,"template":"","format":"standard","meta":{"footnotes":""},"categories":[244,326,4,5,325],"tags":[],"class_list":["post-5756","post","type-post","status-publish","format-standard","hentry","category-contradicciones-aparentes","category-inteligencia-feminista","category-pensamientos-thoughts","category-poemas-poems","category-violencia-y-noviolencia"],"_links":{"self":[{"href":"https:\/\/www.mujerpalabra.net\/blog\/index.php?rest_route=\/wp\/v2\/posts\/5756","targetHints":{"allow":["GET"]}}],"collection":[{"href":"https:\/\/www.mujerpalabra.net\/blog\/index.php?rest_route=\/wp\/v2\/posts"}],"about":[{"href":"https:\/\/www.mujerpalabra.net\/blog\/index.php?rest_route=\/wp\/v2\/types\/post"}],"author":[{"embeddable":true,"href":"https:\/\/www.mujerpalabra.net\/blog\/index.php?rest_route=\/wp\/v2\/users\/1"}],"replies":[{"embeddable":true,"href":"https:\/\/www.mujerpalabra.net\/blog\/index.php?rest_route=%2Fwp%2Fv2%2Fcomments&post=5756"}],"version-history":[{"count":3,"href":"https:\/\/www.mujerpalabra.net\/blog\/index.php?rest_route=\/wp\/v2\/posts\/5756\/revisions"}],"predecessor-version":[{"id":5758,"href":"https:\/\/www.mujerpalabra.net\/blog\/index.php?rest_route=\/wp\/v2\/posts\/5756\/revisions\/5758"}],"wp:attachment":[{"href":"https:\/\/www.mujerpalabra.net\/blog\/index.php?rest_route=%2Fwp%2Fv2%2Fmedia&parent=5756"}],"wp:term":[{"taxonomy":"category","embeddable":true,"href":"https:\/\/www.mujerpalabra.net\/blog\/index.php?rest_route=%2Fwp%2Fv2%2Fcategories&post=5756"},{"taxonomy":"post_tag","embeddable":true,"href":"https:\/\/www.mujerpalabra.net\/blog\/index.php?rest_route=%2Fwp%2Fv2%2Ftags&post=5756"}],"curies":[{"name":"wp","href":"https:\/\/api.w.org\/{rel}","templated":true}]}}