{"id":5619,"date":"2020-12-05T15:33:40","date_gmt":"2020-12-05T14:33:40","guid":{"rendered":"https:\/\/www.mujerpalabra.net\/blog\/?p=5619"},"modified":"2020-12-05T15:36:07","modified_gmt":"2020-12-05T14:36:07","slug":"serie-violencia-politica","status":"publish","type":"post","link":"https:\/\/www.mujerpalabra.net\/blog\/?p=5619","title":{"rendered":"Serie \u00abViolencia pol\u00edtica\u00bb"},"content":{"rendered":"\n<p><strong>Acoso<\/strong> <strong>laboral<\/strong><\/p>\n\n\n\n<p>Me enfrento a una migra\u00f1a depredadora<br>provocada por la mezquindad fratricida<br>que tantas voces y vidas humanas nos han arrebatado.<br>Cr\u00edmenes an\u00f3nimos, masivos, cobardes,<br>amparados en la conveniencia de ser nada,<br>vivir con penosas aspiraciones.<\/p>\n\n\n\n<p>Si mi paisaje era un pueblo de orograf\u00edas,<br>todo se ha ido concentrando y de monta\u00f1a ahora<br>soy volc\u00e1n bullendo con la consciencia de lo que son<br>y de sus cr\u00edmenes abominables nunca nombrados.<br>Se escucha un rumor en ascenso y ahora<br>un torrente de lava.<\/p>\n\n\n\n<p><em><strong>Camino<\/strong> <strong>descalza. Poemas pol\u00edticos<\/strong><\/em>, de michelle reny\u00e9 <\/p>\n\n\n\n<figure class=\"wp-block-image size-large\"><img loading=\"lazy\" decoding=\"async\" width=\"680\" height=\"510\" src=\"https:\/\/www.mujerpalabra.net\/blog\/wp-content\/uploads\/2020\/12\/pacaya2020nancydeozaeta.jpg\" alt=\"\" class=\"wp-image-5620\" srcset=\"https:\/\/www.mujerpalabra.net\/blog\/wp-content\/uploads\/2020\/12\/pacaya2020nancydeozaeta.jpg 680w, https:\/\/www.mujerpalabra.net\/blog\/wp-content\/uploads\/2020\/12\/pacaya2020nancydeozaeta-300x225.jpg 300w\" sizes=\"auto, (max-width: 680px) 100vw, 680px\" \/><figcaption>Volc\u00e1n Pacaya, Guatemala, 2020. Foto de Nanci Pineda<\/figcaption><\/figure>\n\n\n\n<p><\/p>\n","protected":false},"excerpt":{"rendered":"<p>Acoso laboral Me enfrento a una migra\u00f1a depredadoraprovocada por la mezquindad fratricidaque tantas voces y vidas humanas nos han arrebatado.Cr\u00edmenes an\u00f3nimos, masivos, cobardes,amparados en la conveniencia de ser nada,vivir con penosas aspiraciones. Si mi paisaje era un pueblo de orograf\u00edas,todo se ha ido concentrando y de monta\u00f1a ahorasoy volc\u00e1n bullendo con la consciencia de lo [&hellip;]<\/p>\n","protected":false},"author":1,"featured_media":0,"comment_status":"open","ping_status":"open","sticky":false,"template":"","format":"standard","meta":{"footnotes":""},"categories":[315,326,474,338,5,325],"tags":[533,534,539,536,35,535,537],"class_list":["post-5619","post","type-post","status-publish","format-standard","hentry","category-guerra","category-inteligencia-feminista","category-invisibilizacion-patriarcal","category-la-civilizacion-monstruosa","category-poemas-poems","category-violencia-y-noviolencia","tag-acoso-laboral","tag-crimenes-colectivos","tag-nanci-pineda","tag-pacaya","tag-poder","tag-violencia-politica","tag-volcanes"],"_links":{"self":[{"href":"https:\/\/www.mujerpalabra.net\/blog\/index.php?rest_route=\/wp\/v2\/posts\/5619","targetHints":{"allow":["GET"]}}],"collection":[{"href":"https:\/\/www.mujerpalabra.net\/blog\/index.php?rest_route=\/wp\/v2\/posts"}],"about":[{"href":"https:\/\/www.mujerpalabra.net\/blog\/index.php?rest_route=\/wp\/v2\/types\/post"}],"author":[{"embeddable":true,"href":"https:\/\/www.mujerpalabra.net\/blog\/index.php?rest_route=\/wp\/v2\/users\/1"}],"replies":[{"embeddable":true,"href":"https:\/\/www.mujerpalabra.net\/blog\/index.php?rest_route=%2Fwp%2Fv2%2Fcomments&post=5619"}],"version-history":[{"count":4,"href":"https:\/\/www.mujerpalabra.net\/blog\/index.php?rest_route=\/wp\/v2\/posts\/5619\/revisions"}],"predecessor-version":[{"id":5857,"href":"https:\/\/www.mujerpalabra.net\/blog\/index.php?rest_route=\/wp\/v2\/posts\/5619\/revisions\/5857"}],"wp:attachment":[{"href":"https:\/\/www.mujerpalabra.net\/blog\/index.php?rest_route=%2Fwp%2Fv2%2Fmedia&parent=5619"}],"wp:term":[{"taxonomy":"category","embeddable":true,"href":"https:\/\/www.mujerpalabra.net\/blog\/index.php?rest_route=%2Fwp%2Fv2%2Fcategories&post=5619"},{"taxonomy":"post_tag","embeddable":true,"href":"https:\/\/www.mujerpalabra.net\/blog\/index.php?rest_route=%2Fwp%2Fv2%2Ftags&post=5619"}],"curies":[{"name":"wp","href":"https:\/\/api.w.org\/{rel}","templated":true}]}}