{"id":5400,"date":"2019-12-20T13:50:03","date_gmt":"2019-12-20T12:50:03","guid":{"rendered":"http:\/\/www.mujerpalabra.net\/blog\/?p=5400"},"modified":"2019-12-21T16:19:56","modified_gmt":"2019-12-21T15:19:56","slug":"la-nina-y-el-gato-poema-politico","status":"publish","type":"post","link":"https:\/\/www.mujerpalabra.net\/blog\/?p=5400","title":{"rendered":"La ni\u00f1a y el gato (poema pol\u00edtico)"},"content":{"rendered":"\n<p>Comparto un Poema pol\u00edtico: la ni\u00f1a y el gato. Como \u00e9ste, as\u00ed quiero sacar los poemas de este libro que preparo. S\u00e9 que en el canon patriarcal no se ahondar\u00e1 en el significado que aporta sobre la identidad humana en la cultura y la identidad humana que la trasciende, pero es un hecho que la cultura patriarcal no ha podido deshumanizarnos con sus siglos de violencias brutales, y lo que pretendo es visibilizar la historia no contada. En fin, seguir\u00e9 en ello. <\/p>\n\n\n\n<figure class=\"wp-block-image\"><img loading=\"lazy\" decoding=\"async\" width=\"580\" height=\"522\" src=\"http:\/\/www.mujerpalabra.net\/blog\/wp-content\/uploads\/2019\/12\/poemaspoliticos_laniniayelgato.png\" alt=\"\" class=\"wp-image-5401\" srcset=\"https:\/\/www.mujerpalabra.net\/blog\/wp-content\/uploads\/2019\/12\/poemaspoliticos_laniniayelgato.png 580w, https:\/\/www.mujerpalabra.net\/blog\/wp-content\/uploads\/2019\/12\/poemaspoliticos_laniniayelgato-300x270.png 300w\" sizes=\"auto, (max-width: 580px) 100vw, 580px\" \/><\/figure>\n","protected":false},"excerpt":{"rendered":"<p>Comparto un Poema pol\u00edtico: la ni\u00f1a y el gato. Como \u00e9ste, as\u00ed quiero sacar los poemas de este libro que preparo. S\u00e9 que en el canon patriarcal no se ahondar\u00e1 en el significado que aporta sobre la identidad humana en la cultura y la identidad humana que la trasciende, pero es un hecho que la [&hellip;]<\/p>\n","protected":false},"author":1,"featured_media":0,"comment_status":"open","ping_status":"open","sticky":false,"template":"","format":"standard","meta":{"footnotes":""},"categories":[326,474,338,132,301,292,5],"tags":[530],"class_list":["post-5400","post","type-post","status-publish","format-standard","hentry","category-inteligencia-feminista","category-invisibilizacion-patriarcal","category-la-civilizacion-monstruosa","category-libro-del-bien","category-manual-que-es-violencia","category-no-pasaremos-a-la-historia","category-poemas-poems","tag-poemas-politicos-feministas"],"_links":{"self":[{"href":"https:\/\/www.mujerpalabra.net\/blog\/index.php?rest_route=\/wp\/v2\/posts\/5400","targetHints":{"allow":["GET"]}}],"collection":[{"href":"https:\/\/www.mujerpalabra.net\/blog\/index.php?rest_route=\/wp\/v2\/posts"}],"about":[{"href":"https:\/\/www.mujerpalabra.net\/blog\/index.php?rest_route=\/wp\/v2\/types\/post"}],"author":[{"embeddable":true,"href":"https:\/\/www.mujerpalabra.net\/blog\/index.php?rest_route=\/wp\/v2\/users\/1"}],"replies":[{"embeddable":true,"href":"https:\/\/www.mujerpalabra.net\/blog\/index.php?rest_route=%2Fwp%2Fv2%2Fcomments&post=5400"}],"version-history":[{"count":9,"href":"https:\/\/www.mujerpalabra.net\/blog\/index.php?rest_route=\/wp\/v2\/posts\/5400\/revisions"}],"predecessor-version":[{"id":5406,"href":"https:\/\/www.mujerpalabra.net\/blog\/index.php?rest_route=\/wp\/v2\/posts\/5400\/revisions\/5406"}],"wp:attachment":[{"href":"https:\/\/www.mujerpalabra.net\/blog\/index.php?rest_route=%2Fwp%2Fv2%2Fmedia&parent=5400"}],"wp:term":[{"taxonomy":"category","embeddable":true,"href":"https:\/\/www.mujerpalabra.net\/blog\/index.php?rest_route=%2Fwp%2Fv2%2Fcategories&post=5400"},{"taxonomy":"post_tag","embeddable":true,"href":"https:\/\/www.mujerpalabra.net\/blog\/index.php?rest_route=%2Fwp%2Fv2%2Ftags&post=5400"}],"curies":[{"name":"wp","href":"https:\/\/api.w.org\/{rel}","templated":true}]}}