{"id":5358,"date":"2019-08-21T16:13:28","date_gmt":"2019-08-21T14:13:28","guid":{"rendered":"http:\/\/www.mujerpalabra.net\/blog\/?p=5358"},"modified":"2019-08-21T16:13:58","modified_gmt":"2019-08-21T14:13:58","slug":"criminalizar-el-amor-premiar-el-odio","status":"publish","type":"post","link":"https:\/\/www.mujerpalabra.net\/blog\/?p=5358","title":{"rendered":"Criminalizar el amor, proteger el odio"},"content":{"rendered":"\n<p>\u00a1\u00bfCRIMINALIZAR SALVAR VIDAS, LUCHAR POR LOS DERECHOS HUMANOS?! ES \nDEMENCIAL. Todo lo que nace del amor, de la empat\u00eda es Odio para la \nideolog\u00eda patriarcal. \u00bfMultar al Open Arms por salvar a quien se ahoga? \n\u00bfAcusar al feminismo de odio? Nos ha costado la vida y la felicidad \ntener ideas de amor en nuestra sociedad y continuamente enfrentamos la \nacusaci\u00f3n de que odiamos!! <br> El movimiento feminista odia a los hombres, dicen los irracionales, los padres de la distorsi\u00f3n, en lugar de\n la realidad verificable: que los movimientos sociales van de amar y \nproteger la vida. El feminismo ama los derechos humanos de las personas!\n Las lesbianas odian a los hombres, dicen personas gravemente taradas \npor la ideolog\u00eda patriarcal, en lugar de la realidad: aman a las \nmujeres. Las personas veganas odian las carne, en lugar de que aman a \notros seres vivos. Las \u00abpersonas no blancas\u00bb y las de culturas \ndiferentes a la patriarcal son peligrosas, dicen, cuando quienes ponen \nla vida en peligro son personas sobre todo blancas de culturas escritas \npor unos pocos muy interesados en perpetuar el sistema de violencias, \nque nos fuerzan a un tipo de vida monstruoso donde lo que importa es \nabusar de la mayor\u00eda, la acumulaci\u00f3n de recursos y poder a costa de la \ninmensa mayor\u00eda de personas y del planeta. Violar, torturar, acumular no\n es odiar. Salvar vidas s\u00ed, es peligroso! Debemos dar nuestro trabajo \ncomo esclavas y esclavos a quienes m\u00e1s tienen y acumulan, y compartir \nlos poquitos con un mont\u00f3n de gente, para que los \u00e1vidos de poder y \ndinero tengan m\u00e1s. Hacer cr\u00edtica a la violencia es pedir cabezas, dicen!\n Es amar la vida en paz para las comunidades, carajo! Pero qu\u00e9 confusi\u00f3n\n violent\u00edsima y terrible! Todo lo que toca esta ideolog\u00eda violenta (y \nanacr\u00f3nica ya para cada vez m\u00e1s gente) lo convierte en odio. Y quienes \nejercen y hablan odio, para forzarnos a guerras de fronteras, de \nreligi\u00f3n, por los recursos, por esclavizar a gente, los partidos \npol\u00edticos del poder, la corrupci\u00f3n institucional, los clubs de f\u00fatbol \nilustrando odio de verdad a otras personas, los programas de cotilleo y \n\u00abdebate\u00bb, las series, las pel\u00edculas que nos meten con embudo en todo, el\n mercado deshumanizante y deshumanizado, las familias que no dejan \nvivir, difaman e insultan a quien no comparte su identidad, eso no es \nodio, eso vale, eso es respetar. El exceso es suyo, la violencia es \nsuya. <br> Un poquito de racionalidad emp\u00e1tica. O a aprender y dejar \nhacer a quienes s\u00ed tienen dignidad humana, a incorporarse a ese \nterritorio de empat\u00eda por favor. Saturadas de irracionalidad y \nviolencia. Basta ya. Nuestra inteligencia y esfuerzo da para construir \nun mundo mejor, pero hay que luchar contra toda esta confusi\u00f3n de ideas!\n Es una tara ideol\u00f3gica que debemos y podemos superar! <\/p>\n\n\n\n<figure class=\"wp-block-image\"><img decoding=\"async\" src=\"https:\/\/static.xx.fbcdn.net\/images\/emoji.php\/v9\/t6c\/1\/16\/2764.png?_nc_eui2=AeHNspwuW6xXYlIbfJ7q1OJ5v26ujze7S_hDQUDPeUlc4mOZg5Kfs2fQVWzRt-NAin4_zVbI3-X6Q3BoRA0yUqTNSwQSEA2oqxDW0Z09gYxHLg\" alt=\"\"\/><\/figure>\n","protected":false},"excerpt":{"rendered":"<p>\u00a1\u00bfCRIMINALIZAR SALVAR VIDAS, LUCHAR POR LOS DERECHOS HUMANOS?! ES DEMENCIAL. Todo lo que nace del amor, de la empat\u00eda es Odio para la ideolog\u00eda patriarcal. \u00bfMultar al Open Arms por salvar a quien se ahoga? \u00bfAcusar al feminismo de odio? Nos ha costado la vida y la felicidad tener ideas de amor en nuestra sociedad [&hellip;]<\/p>\n","protected":false},"author":1,"featured_media":0,"comment_status":"open","ping_status":"open","sticky":false,"template":"","format":"standard","meta":{"footnotes":""},"categories":[244,315,326,338,132,301,4],"tags":[24,463,529],"class_list":["post-5358","post","type-post","status-publish","format-standard","hentry","category-contradicciones-aparentes","category-guerra","category-inteligencia-feminista","category-la-civilizacion-monstruosa","category-libro-del-bien","category-manual-que-es-violencia","category-pensamientos-thoughts","tag-feminismo","tag-movimientos-sociales","tag-open-arms"],"_links":{"self":[{"href":"https:\/\/www.mujerpalabra.net\/blog\/index.php?rest_route=\/wp\/v2\/posts\/5358","targetHints":{"allow":["GET"]}}],"collection":[{"href":"https:\/\/www.mujerpalabra.net\/blog\/index.php?rest_route=\/wp\/v2\/posts"}],"about":[{"href":"https:\/\/www.mujerpalabra.net\/blog\/index.php?rest_route=\/wp\/v2\/types\/post"}],"author":[{"embeddable":true,"href":"https:\/\/www.mujerpalabra.net\/blog\/index.php?rest_route=\/wp\/v2\/users\/1"}],"replies":[{"embeddable":true,"href":"https:\/\/www.mujerpalabra.net\/blog\/index.php?rest_route=%2Fwp%2Fv2%2Fcomments&post=5358"}],"version-history":[{"count":8,"href":"https:\/\/www.mujerpalabra.net\/blog\/index.php?rest_route=\/wp\/v2\/posts\/5358\/revisions"}],"predecessor-version":[{"id":5360,"href":"https:\/\/www.mujerpalabra.net\/blog\/index.php?rest_route=\/wp\/v2\/posts\/5358\/revisions\/5360"}],"wp:attachment":[{"href":"https:\/\/www.mujerpalabra.net\/blog\/index.php?rest_route=%2Fwp%2Fv2%2Fmedia&parent=5358"}],"wp:term":[{"taxonomy":"category","embeddable":true,"href":"https:\/\/www.mujerpalabra.net\/blog\/index.php?rest_route=%2Fwp%2Fv2%2Fcategories&post=5358"},{"taxonomy":"post_tag","embeddable":true,"href":"https:\/\/www.mujerpalabra.net\/blog\/index.php?rest_route=%2Fwp%2Fv2%2Ftags&post=5358"}],"curies":[{"name":"wp","href":"https:\/\/api.w.org\/{rel}","templated":true}]}}