{"id":5186,"date":"2018-10-08T14:30:20","date_gmt":"2018-10-08T12:30:20","guid":{"rendered":"http:\/\/www.mujerpalabra.net\/blog\/?p=5186"},"modified":"2018-10-08T14:30:20","modified_gmt":"2018-10-08T12:30:20","slug":"humanidad-y-patriarcado-rastreando-la-guerra-en-lo-cotidiano","status":"publish","type":"post","link":"https:\/\/www.mujerpalabra.net\/blog\/?p=5186","title":{"rendered":"Humanidad y patriarcado: Rastreando la guerra en lo cotidiano"},"content":{"rendered":"<p>BONDAD Y PATRIARCADO. cada vez k se le dice \u00abtonta\u00bb a una persona con valores m\u00e0s humanizantes k los k imperan en la sociedad patriarcal, se est\u00e1 ayudando a perpetuar su orden brutal. Lo que s\u00ed parece ser algo falto de inteligencia y empat\u00eda.<\/p>\n<div class=\"_1dwg _1w_m _q7o\">\n<div>\n<div id=\"js_p\" class=\"_5pbx userContent _3ds9 _3576\" data-ad-preview=\"message\" data-ft=\"{&quot;tn&quot;:&quot;K&quot;}\">\n<p>MIEDO IRRACIONAL, ENVIDIA, AVARICIA EN EL PATRIARCADO. \u00bfQu\u00e9 explica que personas perfectamente humanas, capaces de razonar emp\u00e1ticamente, de querer y ser generosas y valientes, ser parte de una red humana de mutua compa\u00f1\u00eda, elijan ser la versi\u00f3n m\u00e1s violenta de s\u00ed mismas? \u00bfTanto les da pasar ese miedo, sentir esos sentimientos que tanto da\u00f1o hacen y les hacen? Las m\u00e1s de las veces, no consiguen nada, m\u00e1s que llenar sus vidas con esas violencias y mezquindades. Y cuando consiguen algo, les dura un tiempo limitado. El resto, ese no poder vivir en s\u00ed si no obedecen el mandato de destrucci\u00f3n de una sociedad con valores patriarcales. La violencia que vemos en las guerras tiene sus ra\u00edces en la vida cotidiana.<\/p>\n<p>(Pegar\u00e9 m\u00e1s posts aqu\u00ed si los escribo)<\/p>\n<\/div>\n<\/div>\n<\/div>\n","protected":false},"excerpt":{"rendered":"<p>BONDAD Y PATRIARCADO. cada vez k se le dice \u00abtonta\u00bb a una persona con valores m\u00e0s humanizantes k los k imperan en la sociedad patriarcal, se est\u00e1 ayudando a perpetuar su orden brutal. Lo que s\u00ed parece ser algo falto de inteligencia y empat\u00eda. MIEDO IRRACIONAL, ENVIDIA, AVARICIA EN EL PATRIARCADO. \u00bfQu\u00e9 explica que personas [&hellip;]<\/p>\n","protected":false},"author":1,"featured_media":0,"comment_status":"open","ping_status":"open","sticky":false,"template":"","format":"standard","meta":{"footnotes":""},"categories":[244,315,326,474,338,65,132,301,292,4,325],"tags":[],"class_list":["post-5186","post","type-post","status-publish","format-standard","hentry","category-contradicciones-aparentes","category-guerra","category-inteligencia-feminista","category-invisibilizacion-patriarcal","category-la-civilizacion-monstruosa","category-lecturas-estudio","category-libro-del-bien","category-manual-que-es-violencia","category-no-pasaremos-a-la-historia","category-pensamientos-thoughts","category-violencia-y-noviolencia"],"_links":{"self":[{"href":"https:\/\/www.mujerpalabra.net\/blog\/index.php?rest_route=\/wp\/v2\/posts\/5186","targetHints":{"allow":["GET"]}}],"collection":[{"href":"https:\/\/www.mujerpalabra.net\/blog\/index.php?rest_route=\/wp\/v2\/posts"}],"about":[{"href":"https:\/\/www.mujerpalabra.net\/blog\/index.php?rest_route=\/wp\/v2\/types\/post"}],"author":[{"embeddable":true,"href":"https:\/\/www.mujerpalabra.net\/blog\/index.php?rest_route=\/wp\/v2\/users\/1"}],"replies":[{"embeddable":true,"href":"https:\/\/www.mujerpalabra.net\/blog\/index.php?rest_route=%2Fwp%2Fv2%2Fcomments&post=5186"}],"version-history":[{"count":8,"href":"https:\/\/www.mujerpalabra.net\/blog\/index.php?rest_route=\/wp\/v2\/posts\/5186\/revisions"}],"predecessor-version":[{"id":5580,"href":"https:\/\/www.mujerpalabra.net\/blog\/index.php?rest_route=\/wp\/v2\/posts\/5186\/revisions\/5580"}],"wp:attachment":[{"href":"https:\/\/www.mujerpalabra.net\/blog\/index.php?rest_route=%2Fwp%2Fv2%2Fmedia&parent=5186"}],"wp:term":[{"taxonomy":"category","embeddable":true,"href":"https:\/\/www.mujerpalabra.net\/blog\/index.php?rest_route=%2Fwp%2Fv2%2Fcategories&post=5186"},{"taxonomy":"post_tag","embeddable":true,"href":"https:\/\/www.mujerpalabra.net\/blog\/index.php?rest_route=%2Fwp%2Fv2%2Ftags&post=5186"}],"curies":[{"name":"wp","href":"https:\/\/api.w.org\/{rel}","templated":true}]}}