{"id":5050,"date":"2018-05-13T14:26:50","date_gmt":"2018-05-13T12:26:50","guid":{"rendered":"http:\/\/www.mujerpalabra.net\/blog\/?p=5050"},"modified":"2018-05-13T14:27:25","modified_gmt":"2018-05-13T12:27:25","slug":"reflexion-patriarcado-cultura-de-violencia-vs-identidad-humana-rastreada-en-la-vida-cotidiana","status":"publish","type":"post","link":"https:\/\/www.mujerpalabra.net\/blog\/?p=5050","title":{"rendered":"Reflexi\u00f3n Patriarcado, Cultura de violencia vs Identidad humana, rastreada en la Vida Cotidiana"},"content":{"rendered":"<p><strong>La vida cotidiana es reflejo de los grandes temas, por eso es importante aprender a no pensar, a no ver, y a no comunicarse \u2013 en el patriarcado. <\/strong><\/p>\n<p><strong>La internacionalidad y la longevidad de las culturas patriarcales no demuestran que su concepci\u00f3n de la identidad humana sea biol\u00f3gica<\/strong> (que, por m\u00e1s que no se quiera ver, se ve por la realidad social en el mundo que no lo es, pues la naturaleza incluida la humana es muy diversa; y se ve tambi\u00e9n al analizar con el conocimiento y la inocencia de la racionalidad emp\u00e1tica, que limpia la mirada de las violencias m\u00faltiples y criminales de los prejuicios e intereses de la violencia). <strong>La internacionalidad y la longevidad de las culturas patriarcales demuestran que la especie sigue no sale del bucle de seguir sometida y utilizada por los seres m\u00e1s violentos y con menos escr\u00fapulos y empat\u00eda, seres que solos, a pesar de su violencia, no podr\u00edan nada si no fuera porque la mayor\u00eda los sostiene con su vida y trabajo, porque S\u00f3lo Violencia resulta en la Aniquilaci\u00f3n y por eso los sistemas m\u00e1s violentos siempre necesitan la colaboraci\u00f3n de quienes mantienen y crean vida y evoluci\u00f3n<\/strong>. Y por qu\u00e9 la mayor\u00eda sigue apostando por esta pesadilla se explica porque temen y\/o no piensan, temen pronunciarse y pensar, temen ofrecerse apoyo mutuo, todas esas ideas cr\u00edticas y amorosas que una minor\u00eda lleva siglos transmitiendo y que son la base de lo mejor que tenemos a pesar del patriarcado, lo que nos ha mantenido con VIDA como especie (no a millones de esas personas que aportaron con su vida y trabajo tantas ideas y modos de valor fundamental).<\/p>\n<p><strong>El patriarcado es el padre de los subsistemas de violencia que padecemos, y lo replicamos a diario en las din\u00e1micas sociales prevalentes<\/strong>. (Deber\u00edamos a diario hacer una lista y de vez en cuando una puesta en com\u00fan, sin miedo a la cr\u00edtica y la autocr\u00edtica porque si algo podemos, es cambiar, nuestras mentes son tan maleables que pueden aprender todo tipo de cosas, por m\u00e1s que a trav\u00e9s de la Raz\u00f3n Patriarcal se nos diga que no tenemos remedio y mejor confiar en el m\u00e1s violento.) Y digo que <strong>es el sistema de violencia que da origen y justificaci\u00f3n a los dem\u00e1s porque, como el racismo y el especismo (y a diferencia del clasismo: dinero, estatus social, poder patriarcal), parte de la violencia m\u00e1s \u00edntima, la violaci\u00f3n a la identidad de las personas<\/strong>: esa que nos dice que se puede ser s\u00f3lo dos cosas, Hombre (patriarcal) y mujer (patriarcal), y que adem\u00e1s siendo una no puedes ser la otra y necesariamente tienes que pensar, sentir, hacer en funci\u00f3n de los genitales que se te reconozcan. <strong>De ah\u00ed, el resto, resumiendo, que la guerra es la paz<\/strong> porque quienes dominan as\u00ed lo ven, mientras imponen que la mayor\u00eda de la humanidad sea esclava de sus visiones dementes.<\/p>\n<hr \/>\n<div id=\"attachment_5020\" style=\"width: 310px\" class=\"wp-caption alignright\"><a href=\"http:\/\/www.mujerpalabra.net\/blog\/wp-content\/uploads\/2018\/02\/27458993_10210523949766201_2089906534669424166_n.jpg\"><img loading=\"lazy\" decoding=\"async\" aria-describedby=\"caption-attachment-5020\" class=\"size-medium wp-image-5020\" src=\"http:\/\/www.mujerpalabra.net\/blog\/wp-content\/uploads\/2018\/02\/27458993_10210523949766201_2089906534669424166_n-300x200.jpg\" alt=\"\" width=\"300\" height=\"200\" srcset=\"https:\/\/www.mujerpalabra.net\/blog\/wp-content\/uploads\/2018\/02\/27458993_10210523949766201_2089906534669424166_n-300x200.jpg 300w, https:\/\/www.mujerpalabra.net\/blog\/wp-content\/uploads\/2018\/02\/27458993_10210523949766201_2089906534669424166_n-768x512.jpg 768w, https:\/\/www.mujerpalabra.net\/blog\/wp-content\/uploads\/2018\/02\/27458993_10210523949766201_2089906534669424166_n.jpg 900w\" sizes=\"auto, (max-width: 300px) 100vw, 300px\" \/><\/a><p id=\"caption-attachment-5020\" class=\"wp-caption-text\">2018 Saturadita de mentira y de falta de historia<\/p><\/div>\n<p>Quisiera poner un ejemplo con mi experiencia, pues es la fuente m\u00e1s directa, menos interpretada, que manejo, con todas las trampas y dificultades que no obstante existen para que incluso de nuestra experiencia podamos conocer, dada la tara ideol\u00f3gica patriarcal.<\/p>\n<p>Me ha llevado una vida ver que soy una persona cr\u00edtica (y con ello inevitablemente autocr\u00edtica) y creativa, no una persona con muchos fallos, que se desborda y no puede, siempre deficiente&#8230; todo el conjunto de cosas que nos decimos porque nos dicen continuamente (que si trabajas con ilusi\u00f3n, alegr\u00eda, inteligencia, conocimiento y empat\u00eda, la versi\u00f3n m\u00e1s ruda de lo que te hacen es: \u00abHija, tranquil\u00edzate\u00bb, como si estuvieras enferma de los nervios, porque trabajar con ilusi\u00f3n, alegr\u00eda, inteligencia, conocimiento y empat\u00eda es un crimen en el patriarcado, algo que debe machacarse, que todo pe\u00f3n del sistema debe ayudar a aniliquilar, sobre todo si no \u00abvendes\u00bb tu trabajo al Poder establecido. O murmuran a tus espaldas sobre la mala intenci\u00f3n de tus actos y lo negativo que es para la comunidad&#8230; En fin, podr\u00eda hacerse una lista de todas las cosas que se ven a diario all\u00ed donde opera la cultura contra eso mucho m\u00e1s grande que es la capacidad humana, diversa y asombrosa), que es lo que las \u00abmujeres\u00bb estamos educadas a pensar y ejecutar cuando no encajamos con el papel que se nos asigna. Esto por mencionar dos rasgos perseguidos en general por el patriarcado en la especie (aunque explotados, por lo mencionado arriba, robado su fruto y explotado por el sistema desde siempre, borrando adem\u00e1s o distorsionando el conocimiento de la fuente).<\/p>\n<p>As\u00ed que si pusi\u00e9ramos en com\u00fan, lo que percibimos al rastrear c\u00f3mo se construye la violencia conceptual, en las actitudes, en las palabras y acciones de las din\u00e1micas sociales prevalentes, si lo hici\u00e9ramos mucha gente, en el d\u00eda a d\u00eda, siempre, seguir\u00edamos generando un cambio social imparable, como muy a menudo hemos generado, aunque m\u00e1s determinante para cambiar el rumbo de lo que son las sociedades humanas, porque sin una mayor\u00eda que comprenda ciertos valores no se puede de manera permanente a la violencia extrema que sufrimos siempre en los avances, y que se encarga muy bien de borrar toda huella para que no tengamos memoria, para que no consigamos entender, descubrir lo que pas\u00f3, para que siempre estemos pensando que empezamos de nuevo, en un bucle de estupidez reiterada. No es as\u00ed, la lucha es desigual s\u00f3lo en el sentido de que nos matan y aniquilan, no en el sentido del valor pragm\u00e1tico de lo que aportamos, porque no es la ideolog\u00eda del mal (no tener escr\u00fapulos y justificar siempre las soluciones de violencia ante el conflicto) lo \u00fanico que \u00abfunciona o soluciona\u00bb (y aunque as\u00ed fuera) porque los ideales del no perpetuar la violencia, de buscar usos noviolentos de nuestra inteligencia para la construcci\u00f3n de sociedades, tienen un valor igual o mayor y sobre todo un efecto de vida y protecci\u00f3n real de la vida y la posibilidad de vivir con dignidad.<\/p>\n","protected":false},"excerpt":{"rendered":"<p>La vida cotidiana es reflejo de los grandes temas, por eso es importante aprender a no pensar, a no ver, y a no comunicarse \u2013 en el patriarcado. La internacionalidad y la longevidad de las culturas patriarcales no demuestran que su concepci\u00f3n de la identidad humana sea biol\u00f3gica (que, por m\u00e1s que no se quiera [&hellip;]<\/p>\n","protected":false},"author":1,"featured_media":0,"comment_status":"open","ping_status":"open","sticky":false,"template":"","format":"standard","meta":{"footnotes":""},"categories":[244,315,326,338,65,132,301,292,4,325],"tags":[],"class_list":["post-5050","post","type-post","status-publish","format-standard","hentry","category-contradicciones-aparentes","category-guerra","category-inteligencia-feminista","category-la-civilizacion-monstruosa","category-lecturas-estudio","category-libro-del-bien","category-manual-que-es-violencia","category-no-pasaremos-a-la-historia","category-pensamientos-thoughts","category-violencia-y-noviolencia"],"_links":{"self":[{"href":"https:\/\/www.mujerpalabra.net\/blog\/index.php?rest_route=\/wp\/v2\/posts\/5050","targetHints":{"allow":["GET"]}}],"collection":[{"href":"https:\/\/www.mujerpalabra.net\/blog\/index.php?rest_route=\/wp\/v2\/posts"}],"about":[{"href":"https:\/\/www.mujerpalabra.net\/blog\/index.php?rest_route=\/wp\/v2\/types\/post"}],"author":[{"embeddable":true,"href":"https:\/\/www.mujerpalabra.net\/blog\/index.php?rest_route=\/wp\/v2\/users\/1"}],"replies":[{"embeddable":true,"href":"https:\/\/www.mujerpalabra.net\/blog\/index.php?rest_route=%2Fwp%2Fv2%2Fcomments&post=5050"}],"version-history":[{"count":8,"href":"https:\/\/www.mujerpalabra.net\/blog\/index.php?rest_route=\/wp\/v2\/posts\/5050\/revisions"}],"predecessor-version":[{"id":5052,"href":"https:\/\/www.mujerpalabra.net\/blog\/index.php?rest_route=\/wp\/v2\/posts\/5050\/revisions\/5052"}],"wp:attachment":[{"href":"https:\/\/www.mujerpalabra.net\/blog\/index.php?rest_route=%2Fwp%2Fv2%2Fmedia&parent=5050"}],"wp:term":[{"taxonomy":"category","embeddable":true,"href":"https:\/\/www.mujerpalabra.net\/blog\/index.php?rest_route=%2Fwp%2Fv2%2Fcategories&post=5050"},{"taxonomy":"post_tag","embeddable":true,"href":"https:\/\/www.mujerpalabra.net\/blog\/index.php?rest_route=%2Fwp%2Fv2%2Ftags&post=5050"}],"curies":[{"name":"wp","href":"https:\/\/api.w.org\/{rel}","templated":true}]}}