{"id":4600,"date":"2016-11-30T02:54:40","date_gmt":"2016-11-30T01:54:40","guid":{"rendered":"http:\/\/www.mujerpalabra.net\/blog\/?p=4600"},"modified":"2016-11-30T02:54:40","modified_gmt":"2016-11-30T01:54:40","slug":"sapos-y-culebras-noviolentas-furiosidad-feminista","status":"publish","type":"post","link":"https:\/\/www.mujerpalabra.net\/blog\/?p=4600","title":{"rendered":"Sapos y culebras noviolentas (furiosidad feminista)"},"content":{"rendered":"<div id=\"js_52h\" class=\"_5pbx userContent\" data-ft=\"{&quot;tn&quot;:&quot;K&quot;}\">\n<p>DEBER\u00cdAMOS LISTAR todos los modos en que se borra nuestro rasto. Tras 30 a\u00f1os luchando empiezo a sospechar que esto es como el d\u00eda de la marmota. No pasamos nunca a la historia porque sistem\u00e1ticamente la ideolog\u00eda patriarcal nos lleva a impedirlo, como sociedades, trabajamos con ah\u00ednco en ello, por la creencia supersticiosa de que quien lidera es el Hombre, el \u00fanico, al fin y al cabo, hecho a imagen y semejanza de Dios. Si ten\u00e9is cosas para este tema, pod\u00e9is escribir a mp arroba <a href=\"http:\/\/l.facebook.com\/l.php?u=http%3A%2F%2Fmujerpalabra.net%2F&amp;h=JAQFkElucAQGaozUBB_35Fv066AApvqE2cZ1e_WGtb8p1Vw&amp;enc=AZO9ily_9hzZgZ7H2TogKP_JJltzVh1KZGbcie5ItPBW9KnGUDbP_xm19jvtyDLxJiqQyn1xkUggn2pyt6SvOu5CXWnHtQaTdvtgyzuqgkvDa6EVf9HYvPOvtpE-2Orc0e8N7l1OcSRa7BkNQ3unGxlKasOmX82YYEZtzMq0VkSTuPMEt5VTOgHPuK6RiydUwhc&amp;s=1\" target=\"_blank\" rel=\"nofollow\">mujerpalabra.net<\/a><br \/>\nEste a\u00f1o vamos a meter cr\u00edtica a la ONU (Declaraci\u00f3n de DDHH, por su lenguaje machista, y porque no aceptan en bibliotecas la palabra clasificatoria Feminismo) y a la wikipedia, que tiene un frente de soldados implacables bloqueando todo lo posible y m\u00e1s.<\/p>\n<div id=\"id_583e2e2402f612e82037708\" class=\"text_exposed_root text_exposed\">\n<p>POSDATA a lo de listar. Anoche le\u00eda sobre Mary Wollstonecraft, sobre las mujeres de la \u00e9poca, feministas en realidad, pensadoras, fil\u00f3sofas jacobinas, escritoras, artistas, activistas, todas compartiendo cosas sospechosamente comunes en su vidas, claro, el Gran Obst\u00e1culo, no s\u00f3lo compart\u00edan el tener una valent\u00eda y generosidad incre\u00edble por proteger su criterio. Y dec\u00eda que en la \u00e9poca aunque eran minor\u00eda llegaron a ser sus ideas bastante extendidas aunque siempre con gran \u00abco<span class=\"text_exposed_show\">ntroversia\u00bb (como ahora, ni en la declaraci\u00f3n DDHH a la que nuestra lucha ha sido fundamental nos nombran, pero siempre nos llaman feminazis, supongo). Y pens\u00e9: Exactamente como hoy. La espiral tramposa.<br \/>\nHablemos del Gran Obst\u00e1culo! Y de c\u00f3mo todo el mundo aporta su granito, machacando, siempre todo lo que pueda dar la esperanza de echar luz en esta tiniebla de violencias sin fin.<\/span><\/p>\n<p>POSTADA 2 y con esto completo el marco mental que tengo. Y disculpad la autocr\u00edtica, a las compa\u00f1eras de partidos pol\u00edticos: no hay que reproducir las estrategias de partido. No hace falta ningunear a otras personas. No sois las \u00fanicas personas que luchan, ni las que luchan mejor o m\u00e1s pr\u00e1ctico. Esto es muy complejo, hay que respetar a todo el mundo, y que cada cual aporte lo que aporte. Es pesado, y es tirar piedras contra el propio tejado. Sencillamente dif\u00edcil de comprende<span class=\"text_exposed_show\">r. No todo el mundo busca lo mismo, pero cualquier pulsi\u00f3n hacia cosas que no sean violencia merecen un m\u00ednimo respeto: no ningunearlas.<br \/>\nA m\u00ed de joven un pacifista hist\u00f3rico coment\u00f3 graciosamente que Qui\u00e9n era yo, si en el mundo del pacifismo no me conoc\u00eda nadie. Ciertamente, pero el mundo del pacifismo no es el mundo humano, sino el grupo de quienes piensan que est\u00e1n en el mundo del pacifismo. Y de hecho, a m\u00ed me hab\u00edan enviado a un proyecto pacifista porque aunque no era del ovimiento, ten\u00eda una experiencia mental y vital impresionante de formaci\u00f3n en noviolencia. Pero claro, los varones del mundo del pacifismo no me conoc\u00edan, ni ellas, las chicas de apoyo. D\u00e9cadas despu\u00e9s sigo top\u00e1ndome con feministas que no conocen a sus compa\u00f1eras feministas que no son de partidos pol\u00edticos, que las leen incluso, auqneu jam\u00e1s las ponen gordidedos, y si les preguntas, no les suena.<br \/>\nVale ya, caramba. Hay mucho trabajo. Vale ya de mentalidad violenta clasista de grupos elegidos. Un poquito de convivir<\/span><\/p>\n<p>POSDATA 3, porque sigo y sigo, sapos y culebras noviolentas! El otro d\u00eda escuch\u00e9 a hombre joven del pueblo saharaui contestar a la pregunta del periodista Gonzo (El intermedio) que claro que \u00e9l querr\u00eda poderse ir a un lugar donde pudiera hacer lo que le gusta, pero que ten\u00eda que quedarse con su comunidad, porque era necesario. Me sacude hondo esta crueldad del mundo patriarcal humano que tiene a la gente impedida de perseguir la vida que saben y pueden descubrir que puede per<span class=\"text_exposed_show\">seguir. Y as\u00ed estamos secuestradas las personas, y las mujeres particularmente, siempre mu\u00f1ecas para uso y abuso. Basta ya. Hay que desarrollar criterio, y dejar de entendernos desde la psicolog\u00eda de guerra patriarcal. Ser diferentes es una riqueza, trabajar en miles de cosas tambi\u00e9n, porque todo es muy complejo de cambiar. No podemos apoyarnos en todo pero s\u00ed podemos apoyarnos en no borrarnos del mapa. La autocr\u00edtica tiene que ser m\u00e1s profunda, valiente y generosa. No tenemos que queremos, basta con que sepamos que esto es trabajo en equipo, y que tenemos que superar la tara del pensamiento en blanco y negro. Un poco m\u00e1s de dignidad individual creo que ayudar\u00eda mucho, menos psicolog\u00eda de Grupo Elegido, m\u00e1s imaginaci\u00f3n. No s\u00e9! Estoy en plena furiosidad feminista! <span class=\"_47e3 _5mfr\" title=\"Emoticono heart\"><img loading=\"lazy\" decoding=\"async\" class=\"img\" src=\"https:\/\/www.facebook.com\/images\/emoji.php\/v6\/f6c\/1\/16\/2764.png\" alt=\"\" width=\"16\" height=\"16\" \/><\/span><\/span><\/p>\n<\/div>\n<\/div>\n","protected":false},"excerpt":{"rendered":"<p>DEBER\u00cdAMOS LISTAR todos los modos en que se borra nuestro rasto. Tras 30 a\u00f1os luchando empiezo a sospechar que esto es como el d\u00eda de la marmota. No pasamos nunca a la historia porque sistem\u00e1ticamente la ideolog\u00eda patriarcal nos lleva a impedirlo, como sociedades, trabajamos con ah\u00ednco en ello, por la creencia supersticiosa de que [&hellip;]<\/p>\n","protected":false},"author":1,"featured_media":0,"comment_status":"open","ping_status":"open","sticky":false,"template":"","format":"standard","meta":{"footnotes":""},"categories":[244,326,65,132,301,292,4,325],"tags":[],"class_list":["post-4600","post","type-post","status-publish","format-standard","hentry","category-contradicciones-aparentes","category-inteligencia-feminista","category-lecturas-estudio","category-libro-del-bien","category-manual-que-es-violencia","category-no-pasaremos-a-la-historia","category-pensamientos-thoughts","category-violencia-y-noviolencia"],"_links":{"self":[{"href":"https:\/\/www.mujerpalabra.net\/blog\/index.php?rest_route=\/wp\/v2\/posts\/4600","targetHints":{"allow":["GET"]}}],"collection":[{"href":"https:\/\/www.mujerpalabra.net\/blog\/index.php?rest_route=\/wp\/v2\/posts"}],"about":[{"href":"https:\/\/www.mujerpalabra.net\/blog\/index.php?rest_route=\/wp\/v2\/types\/post"}],"author":[{"embeddable":true,"href":"https:\/\/www.mujerpalabra.net\/blog\/index.php?rest_route=\/wp\/v2\/users\/1"}],"replies":[{"embeddable":true,"href":"https:\/\/www.mujerpalabra.net\/blog\/index.php?rest_route=%2Fwp%2Fv2%2Fcomments&post=4600"}],"version-history":[{"count":2,"href":"https:\/\/www.mujerpalabra.net\/blog\/index.php?rest_route=\/wp\/v2\/posts\/4600\/revisions"}],"predecessor-version":[{"id":4954,"href":"https:\/\/www.mujerpalabra.net\/blog\/index.php?rest_route=\/wp\/v2\/posts\/4600\/revisions\/4954"}],"wp:attachment":[{"href":"https:\/\/www.mujerpalabra.net\/blog\/index.php?rest_route=%2Fwp%2Fv2%2Fmedia&parent=4600"}],"wp:term":[{"taxonomy":"category","embeddable":true,"href":"https:\/\/www.mujerpalabra.net\/blog\/index.php?rest_route=%2Fwp%2Fv2%2Fcategories&post=4600"},{"taxonomy":"post_tag","embeddable":true,"href":"https:\/\/www.mujerpalabra.net\/blog\/index.php?rest_route=%2Fwp%2Fv2%2Ftags&post=4600"}],"curies":[{"name":"wp","href":"https:\/\/api.w.org\/{rel}","templated":true}]}}