{"id":4574,"date":"2016-10-17T01:19:36","date_gmt":"2016-10-16T23:19:36","guid":{"rendered":"http:\/\/www.mujerpalabra.net\/blog\/?p=4574"},"modified":"2016-10-17T01:19:36","modified_gmt":"2016-10-16T23:19:36","slug":"sobre-la-guerra-pacifismo-feminista","status":"publish","type":"post","link":"https:\/\/www.mujerpalabra.net\/blog\/?p=4574","title":{"rendered":"Sobre la guerra (pacifismo feminista)"},"content":{"rendered":"<p><em><\/em><span data-offset-key=\"f7o03-0-0\"><span data-text=\"true\">SOBRE LA GUERRA. Es curioso lo muy eficaz y complejo de la evoluci\u00f3n del concepto guerra entre los se\u00f1ores de la guerra, y lo primitiva que sigue siendo la idea de guerra entre la mayor parte de la poblaci\u00f3n, que sigue pensando en campos de batalla S\u00d3LO, cuando hay un mont\u00f3n de guerra en \u00abluchas violentas\u00bb encubiertas bajo t\u00e9rminos como \u00abinformaci\u00f3n\u00bb, \u00abley y orden\u00bb o \u00ablucha contra las drogas\u00bb, o las pol\u00edticas de dependencia alimentaria, o financiaci\u00f3n de grupos que mantengan la falta de construcci\u00f3n de sociedad para perpetuar el saqueo y la esclavitud. La ideolog\u00eda patriarcal s\u00f3lo se basa en violencias ad nauseam. Qu\u00e9 triste y enfurecedor y bobo es que se siga sin escuchar a las personas y grupos (a\u00fan minoritarios en cifras totales pero cada vez m\u00e1s) que usan la informaci\u00f3n, la buscan, eso s\u00ed, para conocer la REALIDAD y buscar soluciones noviolentas a los problemas, como las gentes de los grupos de derechos humanos, feministas, pacifistas, antiglobalizaci\u00f3n, ecologistas, etc. No que all\u00ed toda la gente est\u00e9 libre de ideolog\u00eda patriarcal, pero est\u00e1n en la lucha por conocer mejor y actuar mejor.<\/span><\/span><\/p>\n<div data-contents=\"true\">\n<div class=\"\" data-block=\"true\" data-editor=\"bovqn\" data-offset-key=\"24qs6-0-0\">\n<div class=\"_1mf _1mj\" data-offset-key=\"24qs6-0-0\"><a href=\"http:\/\/www.diarioextra.com\/Noticia\/detalle\/302050\/cr-segundo-comprador-de-armas-a-eeuu\"><span data-offset-key=\"24qs6-0-0\"><span data-text=\"true\">http:\/\/www.diarioextra.com\/Noticia\/detalle\/302050\/cr-segundo-comprador-de-armas-a-eeuu<\/span><\/span><\/a><\/div>\n<\/div>\n<\/div>\n","protected":false},"excerpt":{"rendered":"<p>SOBRE LA GUERRA. Es curioso lo muy eficaz y complejo de la evoluci\u00f3n del concepto guerra entre los se\u00f1ores de la guerra, y lo primitiva que sigue siendo la idea de guerra entre la mayor parte de la poblaci\u00f3n, que sigue pensando en campos de batalla S\u00d3LO, cuando hay un mont\u00f3n de guerra en \u00abluchas [&hellip;]<\/p>\n","protected":false},"author":1,"featured_media":0,"comment_status":"open","ping_status":"open","sticky":false,"template":"","format":"standard","meta":{"footnotes":""},"categories":[244,315,326,290,338,65,132,301,292,4,325],"tags":[],"class_list":["post-4574","post","type-post","status-publish","format-standard","hentry","category-contradicciones-aparentes","category-guerra","category-inteligencia-feminista","category-intro-al-feminismo","category-la-civilizacion-monstruosa","category-lecturas-estudio","category-libro-del-bien","category-manual-que-es-violencia","category-no-pasaremos-a-la-historia","category-pensamientos-thoughts","category-violencia-y-noviolencia"],"_links":{"self":[{"href":"https:\/\/www.mujerpalabra.net\/blog\/index.php?rest_route=\/wp\/v2\/posts\/4574","targetHints":{"allow":["GET"]}}],"collection":[{"href":"https:\/\/www.mujerpalabra.net\/blog\/index.php?rest_route=\/wp\/v2\/posts"}],"about":[{"href":"https:\/\/www.mujerpalabra.net\/blog\/index.php?rest_route=\/wp\/v2\/types\/post"}],"author":[{"embeddable":true,"href":"https:\/\/www.mujerpalabra.net\/blog\/index.php?rest_route=\/wp\/v2\/users\/1"}],"replies":[{"embeddable":true,"href":"https:\/\/www.mujerpalabra.net\/blog\/index.php?rest_route=%2Fwp%2Fv2%2Fcomments&post=4574"}],"version-history":[{"count":1,"href":"https:\/\/www.mujerpalabra.net\/blog\/index.php?rest_route=\/wp\/v2\/posts\/4574\/revisions"}],"predecessor-version":[{"id":4575,"href":"https:\/\/www.mujerpalabra.net\/blog\/index.php?rest_route=\/wp\/v2\/posts\/4574\/revisions\/4575"}],"wp:attachment":[{"href":"https:\/\/www.mujerpalabra.net\/blog\/index.php?rest_route=%2Fwp%2Fv2%2Fmedia&parent=4574"}],"wp:term":[{"taxonomy":"category","embeddable":true,"href":"https:\/\/www.mujerpalabra.net\/blog\/index.php?rest_route=%2Fwp%2Fv2%2Fcategories&post=4574"},{"taxonomy":"post_tag","embeddable":true,"href":"https:\/\/www.mujerpalabra.net\/blog\/index.php?rest_route=%2Fwp%2Fv2%2Ftags&post=4574"}],"curies":[{"name":"wp","href":"https:\/\/api.w.org\/{rel}","templated":true}]}}