{"id":4546,"date":"2016-09-11T16:49:05","date_gmt":"2016-09-11T14:49:05","guid":{"rendered":"http:\/\/www.mujerpalabra.net\/blog\/?p=4546"},"modified":"2016-09-11T16:49:29","modified_gmt":"2016-09-11T14:49:29","slug":"guerra-y-terrorismo-mundo-patriarcal","status":"publish","type":"post","link":"https:\/\/www.mujerpalabra.net\/blog\/?p=4546","title":{"rendered":"Guerra y terrorismo (mitol\u00f3gicamente, Padre e Hijo Rebelde en el mundo patriarcal)"},"content":{"rendered":"<p>GUERRA Y TERRORISMO. En 2003, cuando las poblaciones del mundo salieron a la calle para pedir y exigir que no se iniciara una guerra contra Irak, que se buscaran otras soluciones, las personas que llevamos d\u00e9cadas en el activismo noviolento nos sentimos muy profundamente emocionadas y esperanzadas. Parec\u00eda que las poblaciones al fin reemplazaban el miedo a los violentos que las lanzan a guerras y el apoyo a los mismos, por una comprensi\u00f3n de que la guerra no ha solucionado nada nunca, y s\u00ed ha impuesto destrucci\u00f3n, sufrimiento, muerte. En ellos seguimos, sin duda. Es posible que las poblaciones, al menos en la historia reciente (cuando una clara reducci\u00f3n de la violencia cotidiana a todo el mundo nos ha dado espacio para respirar y pensar), hayan pedido al tener el espacio para hacerlo, que no se genere una guerra, pero en 2003 fue la primera vez que personas del planeta pudimos VER y saber de MILLONES DE PERSONAS (incluidas una mayor\u00eda mundial de mujeres &#8211; al menos mientras no se las violara) en pa\u00edses cercanos y lejanos manifest\u00e1ndose contra la guerra. TEN\u00cdAMOS RAZ\u00d3N. Efectivamente, la guerra del gobierno estadounidense y sus \u201caliados\u201d contra la vida en Irak ha sido un error y tiene relaci\u00f3n directa con los atentados terroristas que se produjeron en Estados Unidos en 2011 (septiembre), el a\u00f1o en que se dice termin\u00f3 la guerra en Irak (diciembre), 8 a\u00f1os despu\u00e9s de iniciada, agotando aquella org\u00eda de violencia mis\u00e1ntropa que nada solucion\u00f3 y que ha incendiado el mundo con un miedo que, insisten, siguen queriendo solucionar con m\u00e1s violencia, incluida la de recortar derechos humanos y sociales, individuales y colectivos. CORRUPCI\u00d3N Y POBREZA. An\u00e1logamente, la corrupci\u00f3n est\u00e1 vinculada al empobrecimiento de la mayor\u00eda, es como la guerra en la democracia, y las poblaciones van siendo m\u00e1s conscientes, pero queda mucho y hay que seguir no perdiendo la perspectiva m\u00e1s constructiva, porque todo est\u00e1 lleno de trampas para hacer desear y pedir las soluciones de violencia que siguen esclaviz\u00e1ndonos y rescatan y fomentan \u00f3rdenes sociales que supuestamente hab\u00edamos superado (\u00bfvolveremos al Medievo?), aquellos que hacen que unos pocos, lo m\u00e1s violentos, quienes menos escr\u00fapulos o inteligencia (racionalidad emp\u00e1tica) tienen, mantengan a la inmensa mayor\u00eda bajo su yugo de violencias sin fin.<\/p>\n","protected":false},"excerpt":{"rendered":"<p>GUERRA Y TERRORISMO. En 2003, cuando las poblaciones del mundo salieron a la calle para pedir y exigir que no se iniciara una guerra contra Irak, que se buscaran otras soluciones, las personas que llevamos d\u00e9cadas en el activismo noviolento nos sentimos muy profundamente emocionadas y esperanzadas. Parec\u00eda que las poblaciones al fin reemplazaban el [&hellip;]<\/p>\n","protected":false},"author":1,"featured_media":0,"comment_status":"open","ping_status":"open","sticky":false,"template":"","format":"standard","meta":{"footnotes":""},"categories":[315,326,338,132,301,292,4],"tags":[457,46,175,455,181,197,456,249],"class_list":["post-4546","post","type-post","status-publish","format-standard","hentry","category-guerra","category-inteligencia-feminista","category-la-civilizacion-monstruosa","category-libro-del-bien","category-manual-que-es-violencia","category-no-pasaremos-a-la-historia","category-pensamientos-thoughts","tag-corrupcion","tag-democracia","tag-guerra-ideologica-patriarcal","tag-irak","tag-libertad","tag-pobreza","tag-terrorismo","tag-violacion"],"_links":{"self":[{"href":"https:\/\/www.mujerpalabra.net\/blog\/index.php?rest_route=\/wp\/v2\/posts\/4546","targetHints":{"allow":["GET"]}}],"collection":[{"href":"https:\/\/www.mujerpalabra.net\/blog\/index.php?rest_route=\/wp\/v2\/posts"}],"about":[{"href":"https:\/\/www.mujerpalabra.net\/blog\/index.php?rest_route=\/wp\/v2\/types\/post"}],"author":[{"embeddable":true,"href":"https:\/\/www.mujerpalabra.net\/blog\/index.php?rest_route=\/wp\/v2\/users\/1"}],"replies":[{"embeddable":true,"href":"https:\/\/www.mujerpalabra.net\/blog\/index.php?rest_route=%2Fwp%2Fv2%2Fcomments&post=4546"}],"version-history":[{"count":2,"href":"https:\/\/www.mujerpalabra.net\/blog\/index.php?rest_route=\/wp\/v2\/posts\/4546\/revisions"}],"predecessor-version":[{"id":4548,"href":"https:\/\/www.mujerpalabra.net\/blog\/index.php?rest_route=\/wp\/v2\/posts\/4546\/revisions\/4548"}],"wp:attachment":[{"href":"https:\/\/www.mujerpalabra.net\/blog\/index.php?rest_route=%2Fwp%2Fv2%2Fmedia&parent=4546"}],"wp:term":[{"taxonomy":"category","embeddable":true,"href":"https:\/\/www.mujerpalabra.net\/blog\/index.php?rest_route=%2Fwp%2Fv2%2Fcategories&post=4546"},{"taxonomy":"post_tag","embeddable":true,"href":"https:\/\/www.mujerpalabra.net\/blog\/index.php?rest_route=%2Fwp%2Fv2%2Ftags&post=4546"}],"curies":[{"name":"wp","href":"https:\/\/api.w.org\/{rel}","templated":true}]}}