{"id":4529,"date":"2016-09-04T18:35:47","date_gmt":"2016-09-04T16:35:47","guid":{"rendered":"http:\/\/www.mujerpalabra.net\/blog\/?p=4529"},"modified":"2016-09-05T02:50:04","modified_gmt":"2016-09-05T00:50:04","slug":"arte-locura-sociedad-y-violencia","status":"publish","type":"post","link":"https:\/\/www.mujerpalabra.net\/blog\/?p=4529","title":{"rendered":"Arte, locura, sociedad y violencia"},"content":{"rendered":"<p>ARTE, LOCURA, SOCIEDAD Y VIOLENCIA. Yo tengo una interpretaci\u00f3n muy distinta a aquella con la que nos han machacado (y machacaron a personas artistas) en el siglo 19 y 20, que tiene m\u00e1s que ver con que la ideolog\u00eda patriarcal convierte en violencia todo lo que toca. Lo que llev\u00f3 a la depresi\u00f3n y a desequilibrios a personas ejerciendo una actividad art\u00edstica, para cuando de verdad ese fuera el caso, fue seguramente la incomprensi\u00f3n, la brutalidad en la negativa a comunicarse de la sociedad, siquiera a dejar en paz a quien ve diferente (ver diferente algo l\u00f3gico y natural pues lo sospechoso es que todo el mundo vea igual, en ideolog\u00eda patriarcal, una ideolog\u00eda tan hostil a la naturaleza humana).<\/p>\n<p><strong>Tener un talento<\/strong> no significa tener una enfermedad mental. Tener criterio propio, visi\u00f3n propia tampoco. Pero que tus cong\u00e9neres no comprendan lo que dices, que lo interpreten todo malintencionadamente, deformantemente, porque no pueden soportar un criterio diferente, les da miedo y pavor, y lo machacan (hay, en mi opini\u00f3n, una conexi\u00f3n robusta entre miedo y uso de la violencia; no son \u201clos valientes\u201d quienes usan la violencia, sino los que no controlan su miedo para buscar buenas soluciones, de la misma manera que no son m\u00e1s inteligentes quienes \u201csolucionan los problemas\u201d recurriendo a la violencia, tan destructiva); que en lugar de convivir pac\u00edficamente contigo, <strong>que al fin y al cabo no le haces ninguna violencia a nadie<\/strong> (que tu existencia cuestione las mentiras que acatan por ideolog\u00eda explicar\u00e1 su violencia hacia ti, pero no la tuya, que no existe pues sencillamente expresas), te quieran aislar como peligro y atar bien atada o atado, cuando no directamente linchar (esas acusaciones que sufrieron por ejemplo Camille Claudel y Vincent Van Gogh), justifica la par\u00e1frasis que hice yo con el dicho (tras a\u00f1os de observaci\u00f3n y vida en mi sociedad): \u201cDime de qu\u00e9 me ACUSAS y te dir\u00e9 lo que me est\u00e1s haciendo\u201d.<\/p>\n<p>Respecto a<strong> formas de ver y criterios independientes<\/strong>, la historia patriarcal est\u00e1 llena de inquisidores del poder, y de inquisidores e inquisidoras en la masa que acata. (Yo lo s\u00e9 con mi propia peque\u00f1a y an\u00f3nima vida: \u00a1cu\u00e1ntas veces he visto a \u201cbuena gente\u201d contribuir a crear una realidad de distorsi\u00f3n y violencia con mi vida! S\u00f3lo que yo he nacido en una democracia que por mal que vaya es donde las mujeres y en general las mayor\u00edas han podido tener m\u00e1s espacio para la construcci\u00f3n de su identidad que antes, porque no se nos lincha f\u00edsicamente, o apresa, encarcela, tortura y ejecuta aunque se nos hagan otras cosas.) Estos l\u00edderes violentos, apoyados por la masa ciega (que ahora no obstante tiene m\u00e1s crimen, lo de ser ciega, porque hay oportunidad de informaci\u00f3n y formaci\u00f3n) <strong>cierran filas<\/strong>, bloqueando, intentando exterminar cualquier atisbo que apunte a que otro mundo humano es posible, y muy diferente.<\/p>\n<p><strong>\u00bfCu\u00e1ntos siglos m\u00e1s har\u00e1n falta para que la mayor\u00eda deje de tener miedo y rechace la ley del m\u00e1s violento, del que tiene menos escr\u00fapulos?<\/strong> No tanto como en el pasado, en el sentido de los logros del activismo social (entre ellos, del feminista, que se refleja en la noci\u00f3n de derechos humanos y en todo el desarrollo de lo civil o ciudadano frente a lo militar y esclavista) ha ofrecido modos de actuar a nuestra sociedad que no son ya como antes, que hablan de convivencia y derechos, <strong>pero seguimos<\/strong> justificando la violencia en todo (proceso inconsciente), a todos los niveles, en lugar de ir trabajando en reducir esos escenarios de resoluci\u00f3n, para hallar formas noviolentas que realmente RESUELVAN cosas.<\/p>\n<p><strong>Seguimos ignorando<\/strong> y a\u00fan \u201cacusando\u201d a gente que aporta cosas buenas o menos malas. Seguimos validando la existencia y la actuaci\u00f3n de gente que perpet\u00faa los modos de relaci\u00f3n de la violencia. (Incluyo la violencia que cualquier ejerce cotidianamente: la conceptual \u2013c\u00f3mo te consideran\u2013 que es terror\u00edfica, la verbal, lo que dicen de la gente a la que quieren quitar de en medio o que no sienten de su grupo de acatamiento, y la mentira porque \u00e9sta, abrumadoramente utilizada para todo en el d\u00eda a d\u00eda por tanta y tanta gente, esa mentira para manipular y explotar, aprovecharse o abusar, para sencillamente \u201crobar cari\u00f1o\u201d, como yo lo llamo, porque es una forma de desamor, de no querer o no respetar a quien se la cuentas o haces, la mentira es otra forma de la violencia, y rara vez la usamos para cosas buenas).<\/p>\n<p>La <strong>enfermedad mental<\/strong> no es s\u00f3lo resultado de \u201cfallos internos permanentes y de nacimiento\u201d del cerebro humano. Como bien sabemos hoy, podemos tener desequilibrios diversos a causa del sufrimiento, de la adversidad, de la incomunicaci\u00f3n, de la necesidad f\u00edsica de lugar seguro al que ir, comer, protegerse del fr\u00edo o el calor, tener un trabajo para poderte sustentar materialmente\u2026 Qui\u00e9n no ha tomado hoy, adem\u00e1s de sustancias estimulantes y tranquilizantes (az\u00facar y sal, caf\u00e9 y t\u00e9, infusiones, tabaco, alcohol) como han hecho las personas a lo largo de la historia de la humanidad (siendo unas aceptadas y otras hip\u00f3critamente rechazadas), drogas qu\u00edmicas legales como tranquilizantes, ansiol\u00edticos y antidepresivos, y se considera, no obstante, una persona \u201cnormal\u201d, es decir, sin \u201cenfermedad mental\u201d.<\/p>\n<p>La <strong>supuesta enfermedad mental<\/strong> no es un estado que te toca o no como nacer en una determinada geograf\u00eda (pongamos, la franja de Gaza o la comunidad de Madrid), permanente, inalterable. Lo que llamamos \u201cenfermedad mental\u201d incluye en muchos casos (y no soy entendida, pero s\u00ed he vivido en mi cuerpo en este mundo y aprendido de las vidas de otras personas tambi\u00e9n porque soy una buscadora de soluciones incansable) estados transitorios donde la persona no puede lidiar con la vida, y que ahora con una droga qu\u00edmica legal se curan, otros, se controlan, cuando unas d\u00e9cadas antes costaban el suicidio, o una vida de sufrimiento atroz interior, y de generar sufrimiento en otras personas como resultado de esto. (Todo esto simplificando la cuesti\u00f3n porque esto es una reflexi\u00f3n \u00a1que se me ha complicado bastante ya! \ud83d\ude00 )<\/p>\n<p>Mi apuesta es que ni <strong>Van Gogh <\/strong>ni<strong> Claudel<\/strong> habr\u00edan tenido ning\u00fan problema mental (y dudo mucho que ella lo tuviera a pesar de un ingreso en psiqui\u00e1trico de 30 a\u00f1os, como no fuera como resultado directo de lo que la hicieran all\u00ed) si \u00e9l hubiera podido tener un mecenas para montar un lugar que fuera como una universidad popular de artistas, \u201cuniversidad\u201d en un sentido distinto a lo que tenemos, claro. Un apoyo con que enfrentar el hecho de la incomprensi\u00f3n, y una protecci\u00f3n de las \u201cacusaciones\u201d asesinas. Y si Claudel destruy\u00f3 su obra no fue por locura, sino porque se la llevaban a un psiqui\u00e1trico, y claramente lo sab\u00eda porque ya hab\u00eda sufrido y enfrentado la difamaci\u00f3n y la incomprensi\u00f3n, esas distorsiones tan efectivas para destruir todo lo que tendr\u00eda un valor impresionante para la construcci\u00f3n de un mundo humano noviolento (al menos tan noviolento como la civilizaci\u00f3n alien\u00edgena de la pel\u00edcula de 1951 \u2013no la versi\u00f3n de ahora!- \u201cUltimatum a la tierra\u201d, orig. \u201cThe Day the Earth Stood Still\u201d). Y habr\u00eda tenido el valor indescriptible, m\u00e1s siendo mujer, de no perder la cabeza y rechazar toda presi\u00f3n de plano. Destruy\u00f3 su obra probablemente por algo m\u00e1s que un ataque de desesperaci\u00f3n o furor: porque conoc\u00eda su valor, al menos lo sabr\u00eda en ocasiones, y no iba a dejarnos algo tan valioso, a una sociedad tan brutal. Es mucho arrojo, y mucho amor a las cosas buenas, en mi opini\u00f3n, una acci\u00f3n directa noviolenta (ADNV) en estado puro, y nada relacionado con ejercer la violencia contra la gente, como se la trat\u00f3. (Yo lo imagino bien, \u00a1ser\u00e1 que estoy loca! \ud83d\ude00 )<\/p>\n<div id=\"attachment_4530\" style=\"width: 650px\" class=\"wp-caption alignnone\"><a href=\"http:\/\/www.mujerpalabra.net\/blog\/wp-content\/uploads\/2016\/09\/fritillaries-in-a-copper-vase-18871.jpg\"><img loading=\"lazy\" decoding=\"async\" aria-describedby=\"caption-attachment-4530\" class=\"wp-image-4530 size-large\" src=\"http:\/\/www.mujerpalabra.net\/blog\/wp-content\/uploads\/2016\/09\/fritillaries-in-a-copper-vase-18871-840x1024.jpg\" alt=\"fritillaries-in-a-copper-vase-1887(1)\" width=\"640\" height=\"780\" srcset=\"https:\/\/www.mujerpalabra.net\/blog\/wp-content\/uploads\/2016\/09\/fritillaries-in-a-copper-vase-18871-840x1024.jpg 840w, https:\/\/www.mujerpalabra.net\/blog\/wp-content\/uploads\/2016\/09\/fritillaries-in-a-copper-vase-18871-246x300.jpg 246w, https:\/\/www.mujerpalabra.net\/blog\/wp-content\/uploads\/2016\/09\/fritillaries-in-a-copper-vase-18871-768x936.jpg 768w, https:\/\/www.mujerpalabra.net\/blog\/wp-content\/uploads\/2016\/09\/fritillaries-in-a-copper-vase-18871.jpg 1658w\" sizes=\"auto, (max-width: 640px) 100vw, 640px\" \/><\/a><p id=\"caption-attachment-4530\" class=\"wp-caption-text\">yo lo llamo el cuadro del florero de cobre, de Van Gogh<\/p><\/div>\n<div id=\"attachment_4534\" style=\"width: 650px\" class=\"wp-caption alignnone\"><a href=\"http:\/\/www.mujerpalabra.net\/blog\/wp-content\/uploads\/2016\/09\/Edge-of-a-Wheat-Field-with-Poppies-and-a-Lark-by-Vincent-Van-Gogh-OSA401.jpg\"><img loading=\"lazy\" decoding=\"async\" aria-describedby=\"caption-attachment-4534\" class=\"size-large wp-image-4534\" src=\"http:\/\/www.mujerpalabra.net\/blog\/wp-content\/uploads\/2016\/09\/Edge-of-a-Wheat-Field-with-Poppies-and-a-Lark-by-Vincent-Van-Gogh-OSA401-1024x853.jpg\" alt=\"junto a un campo de trigo, con amapolas, y una alondra, de Van Gogh\" width=\"640\" height=\"533\" srcset=\"https:\/\/www.mujerpalabra.net\/blog\/wp-content\/uploads\/2016\/09\/Edge-of-a-Wheat-Field-with-Poppies-and-a-Lark-by-Vincent-Van-Gogh-OSA401-1024x853.jpg 1024w, https:\/\/www.mujerpalabra.net\/blog\/wp-content\/uploads\/2016\/09\/Edge-of-a-Wheat-Field-with-Poppies-and-a-Lark-by-Vincent-Van-Gogh-OSA401-300x250.jpg 300w, https:\/\/www.mujerpalabra.net\/blog\/wp-content\/uploads\/2016\/09\/Edge-of-a-Wheat-Field-with-Poppies-and-a-Lark-by-Vincent-Van-Gogh-OSA401-768x640.jpg 768w, https:\/\/www.mujerpalabra.net\/blog\/wp-content\/uploads\/2016\/09\/Edge-of-a-Wheat-Field-with-Poppies-and-a-Lark-by-Vincent-Van-Gogh-OSA401.jpg 1200w\" sizes=\"auto, (max-width: 640px) 100vw, 640px\" \/><\/a><p id=\"caption-attachment-4534\" class=\"wp-caption-text\">junto a un campo de trigo, con amapolas, y una alondra, de Van Gogh<\/p><\/div>\n<div id=\"attachment_4532\" style=\"width: 365px\" class=\"wp-caption alignnone\"><a href=\"http:\/\/www.mujerpalabra.net\/blog\/wp-content\/uploads\/2016\/09\/detalledelascotillas.jpg\"><img loading=\"lazy\" decoding=\"async\" aria-describedby=\"caption-attachment-4532\" class=\"wp-image-4532 size-full\" src=\"http:\/\/www.mujerpalabra.net\/blog\/wp-content\/uploads\/2016\/09\/detalledelascotillas.jpg\" alt=\"detalledelascotillas\" width=\"355\" height=\"266\" srcset=\"https:\/\/www.mujerpalabra.net\/blog\/wp-content\/uploads\/2016\/09\/detalledelascotillas.jpg 355w, https:\/\/www.mujerpalabra.net\/blog\/wp-content\/uploads\/2016\/09\/detalledelascotillas-300x225.jpg 300w\" sizes=\"auto, (max-width: 355px) 100vw, 355px\" \/><\/a><p id=\"caption-attachment-4532\" class=\"wp-caption-text\">detalle de Las cotillas, de Camille Claudel (se sostiene con una mano, es chiquitita; c\u00f3mo habr\u00eda sido grade!)<\/p><\/div>\n<p><a href=\"http:\/\/www.mujerpalabra.net\/blog\/wp-content\/uploads\/2016\/09\/la-valse-camille-claudel-1.jpg\"><img loading=\"lazy\" decoding=\"async\" class=\"alignnone size-large wp-image-4543\" src=\"http:\/\/www.mujerpalabra.net\/blog\/wp-content\/uploads\/2016\/09\/la-valse-camille-claudel-1-958x1024.jpg\" alt=\"la-valse-camille-claudel\" width=\"640\" height=\"684\" srcset=\"https:\/\/www.mujerpalabra.net\/blog\/wp-content\/uploads\/2016\/09\/la-valse-camille-claudel-1-958x1024.jpg 958w, https:\/\/www.mujerpalabra.net\/blog\/wp-content\/uploads\/2016\/09\/la-valse-camille-claudel-1-281x300.jpg 281w, https:\/\/www.mujerpalabra.net\/blog\/wp-content\/uploads\/2016\/09\/la-valse-camille-claudel-1-768x821.jpg 768w, https:\/\/www.mujerpalabra.net\/blog\/wp-content\/uploads\/2016\/09\/la-valse-camille-claudel-1.jpg 1008w\" sizes=\"auto, (max-width: 640px) 100vw, 640px\" \/><\/a><\/p>\n<p>Y esta escultura, el vals, con todo su peligro y entrega al placer y al amor, es enana, la coges con una mano, qu\u00e9 habr\u00eda sido en grande!<\/p>\n","protected":false},"excerpt":{"rendered":"<p>ARTE, LOCURA, SOCIEDAD Y VIOLENCIA. Yo tengo una interpretaci\u00f3n muy distinta a aquella con la que nos han machacado (y machacaron a personas artistas) en el siglo 19 y 20, que tiene m\u00e1s que ver con que la ideolog\u00eda patriarcal convierte en violencia todo lo que toca. Lo que llev\u00f3 a la depresi\u00f3n y a [&hellip;]<\/p>\n","protected":false},"author":1,"featured_media":0,"comment_status":"open","ping_status":"open","sticky":false,"template":"","format":"standard","meta":{"footnotes":""},"categories":[326,338,65,132,301,4],"tags":[40,453,454],"class_list":["post-4529","post","type-post","status-publish","format-standard","hentry","category-inteligencia-feminista","category-la-civilizacion-monstruosa","category-lecturas-estudio","category-libro-del-bien","category-manual-que-es-violencia","category-pensamientos-thoughts","tag-arte","tag-camille-claudel","tag-vincent-van-gogh"],"_links":{"self":[{"href":"https:\/\/www.mujerpalabra.net\/blog\/index.php?rest_route=\/wp\/v2\/posts\/4529","targetHints":{"allow":["GET"]}}],"collection":[{"href":"https:\/\/www.mujerpalabra.net\/blog\/index.php?rest_route=\/wp\/v2\/posts"}],"about":[{"href":"https:\/\/www.mujerpalabra.net\/blog\/index.php?rest_route=\/wp\/v2\/types\/post"}],"author":[{"embeddable":true,"href":"https:\/\/www.mujerpalabra.net\/blog\/index.php?rest_route=\/wp\/v2\/users\/1"}],"replies":[{"embeddable":true,"href":"https:\/\/www.mujerpalabra.net\/blog\/index.php?rest_route=%2Fwp%2Fv2%2Fcomments&post=4529"}],"version-history":[{"count":7,"href":"https:\/\/www.mujerpalabra.net\/blog\/index.php?rest_route=\/wp\/v2\/posts\/4529\/revisions"}],"predecessor-version":[{"id":4544,"href":"https:\/\/www.mujerpalabra.net\/blog\/index.php?rest_route=\/wp\/v2\/posts\/4529\/revisions\/4544"}],"wp:attachment":[{"href":"https:\/\/www.mujerpalabra.net\/blog\/index.php?rest_route=%2Fwp%2Fv2%2Fmedia&parent=4529"}],"wp:term":[{"taxonomy":"category","embeddable":true,"href":"https:\/\/www.mujerpalabra.net\/blog\/index.php?rest_route=%2Fwp%2Fv2%2Fcategories&post=4529"},{"taxonomy":"post_tag","embeddable":true,"href":"https:\/\/www.mujerpalabra.net\/blog\/index.php?rest_route=%2Fwp%2Fv2%2Ftags&post=4529"}],"curies":[{"name":"wp","href":"https:\/\/api.w.org\/{rel}","templated":true}]}}