{"id":4449,"date":"2016-07-18T01:39:17","date_gmt":"2016-07-17T23:39:17","guid":{"rendered":"http:\/\/www.mujerpalabra.net\/blog\/?p=4449"},"modified":"2016-07-18T01:39:17","modified_gmt":"2016-07-17T23:39:17","slug":"problemas-de-vision-en-la-lucha-social","status":"publish","type":"post","link":"https:\/\/www.mujerpalabra.net\/blog\/?p=4449","title":{"rendered":"Problemas de visi\u00f3n en la lucha social"},"content":{"rendered":"<p>A m\u00ed me parece ya claramente que el problema de c\u00f3mo la ideolog\u00eda patriarcal nos ha educado en construir la violencia se refleja muy claramente en lo que valoramos y lo que no valoramos, c\u00f3mo lo mezclamos todo sin ton ni son. Los incapaces de empat\u00eda tienen (pongamos corruptos que acumulan poder y dinero sin l\u00edmite), al parecer, los mismos hechos de violencia o validaci\u00f3n del sistema que personas que han luchado contra ese sistema (para que tengamos derechos, por ejemplo). (Muy triste, no s\u00f3lo no pasan a la historia, es que luego sus aportes son ignorados y despreciados, por no usarse la inteligencia, la comunicaci\u00f3n, el conocimiento).<br \/>\nEn las mitolog\u00edas de la rebeld\u00eda (patriarcal, que yo sepa, sobre todo por la escasa posiblidad de comunicaci\u00f3n, justamente, noviolenta), (que por suerte no lo explican todo de la lucha social, porque la lucha social es mucho m\u00e1s amplia de lo que parece, pero de nuevo estamos en el territorio Ninguneo patriarcal), todo es un Contra el Sistema que ningunea como el Sistema lo bueno que como personas y movimientos sociales hemos conseguido, y que no nos ha dado el Sistema, pero que el Sistema necesita adoptar porque los sistemas de violencia es lo que tienen: necesitan robar, adem\u00e1s de educarnos para que los defendamos aunque creamos estar atac\u00e1ndolos.<br \/>\nLas ideolog\u00edas no sirven para explicar la vida humana, que es muy amplia y variada, o la lucha humana contra la violencia del sistema patriarcal y su hijo avaricioso hasta la n\u00e1usea, el capitalismo. Y no sirven porque dejan fuera a las personas, en muchos sentidos, todos patriarcales.<\/p>\n","protected":false},"excerpt":{"rendered":"<p>A m\u00ed me parece ya claramente que el problema de c\u00f3mo la ideolog\u00eda patriarcal nos ha educado en construir la violencia se refleja muy claramente en lo que valoramos y lo que no valoramos, c\u00f3mo lo mezclamos todo sin ton ni son. Los incapaces de empat\u00eda tienen (pongamos corruptos que acumulan poder y dinero sin [&hellip;]<\/p>\n","protected":false},"author":1,"featured_media":0,"comment_status":"open","ping_status":"open","sticky":false,"template":"","format":"standard","meta":{"footnotes":""},"categories":[326,338],"tags":[],"class_list":["post-4449","post","type-post","status-publish","format-standard","hentry","category-inteligencia-feminista","category-la-civilizacion-monstruosa"],"_links":{"self":[{"href":"https:\/\/www.mujerpalabra.net\/blog\/index.php?rest_route=\/wp\/v2\/posts\/4449","targetHints":{"allow":["GET"]}}],"collection":[{"href":"https:\/\/www.mujerpalabra.net\/blog\/index.php?rest_route=\/wp\/v2\/posts"}],"about":[{"href":"https:\/\/www.mujerpalabra.net\/blog\/index.php?rest_route=\/wp\/v2\/types\/post"}],"author":[{"embeddable":true,"href":"https:\/\/www.mujerpalabra.net\/blog\/index.php?rest_route=\/wp\/v2\/users\/1"}],"replies":[{"embeddable":true,"href":"https:\/\/www.mujerpalabra.net\/blog\/index.php?rest_route=%2Fwp%2Fv2%2Fcomments&post=4449"}],"version-history":[{"count":1,"href":"https:\/\/www.mujerpalabra.net\/blog\/index.php?rest_route=\/wp\/v2\/posts\/4449\/revisions"}],"predecessor-version":[{"id":4450,"href":"https:\/\/www.mujerpalabra.net\/blog\/index.php?rest_route=\/wp\/v2\/posts\/4449\/revisions\/4450"}],"wp:attachment":[{"href":"https:\/\/www.mujerpalabra.net\/blog\/index.php?rest_route=%2Fwp%2Fv2%2Fmedia&parent=4449"}],"wp:term":[{"taxonomy":"category","embeddable":true,"href":"https:\/\/www.mujerpalabra.net\/blog\/index.php?rest_route=%2Fwp%2Fv2%2Fcategories&post=4449"},{"taxonomy":"post_tag","embeddable":true,"href":"https:\/\/www.mujerpalabra.net\/blog\/index.php?rest_route=%2Fwp%2Fv2%2Ftags&post=4449"}],"curies":[{"name":"wp","href":"https:\/\/api.w.org\/{rel}","templated":true}]}}