{"id":4313,"date":"2016-05-24T00:55:11","date_gmt":"2016-05-23T22:55:11","guid":{"rendered":"http:\/\/www.mujerpalabra.net\/blog\/?p=4313"},"modified":"2016-06-30T01:34:58","modified_gmt":"2016-06-29T23:34:58","slug":"sufrir-y-querer-morir-y-luchar-por-vivir","status":"publish","type":"post","link":"https:\/\/www.mujerpalabra.net\/blog\/?p=4313","title":{"rendered":"Sufrir y querer morir y luchar por vivir"},"content":{"rendered":"<p>Est\u00e1n echando lo que es el primer documental que yo veo sobre el suicidio y realmente es importante sacar este tema. Hablar es sin duda fundamental, y aprender a hablar de maneras constructivas, sobre temas importantes, con el apoyo de la ligereza de la vida. Esa complejidad y esa facilidad.\u00a0<strong><a href=\"http:\/\/www.rtve.es\/alacarta\/videos\/documentos-tv\/documentos-tv-muerte-silenciada-suicidio-ultimo-tabu\/1692885\/\">Documental en La 2<\/a><\/strong><\/p>\n<p><a href=\"http:\/\/www.mujerpalabra.net\/blog\/wp-content\/uploads\/2016\/05\/mama.png\"><img loading=\"lazy\" decoding=\"async\" class=\" wp-image-4314 alignright\" src=\"http:\/\/www.mujerpalabra.net\/blog\/wp-content\/uploads\/2016\/05\/mama-586x1024.png\" alt=\"mama\" width=\"375\" height=\"655\" srcset=\"https:\/\/www.mujerpalabra.net\/blog\/wp-content\/uploads\/2016\/05\/mama-586x1024.png 586w, https:\/\/www.mujerpalabra.net\/blog\/wp-content\/uploads\/2016\/05\/mama-172x300.png 172w, https:\/\/www.mujerpalabra.net\/blog\/wp-content\/uploads\/2016\/05\/mama.png 741w\" sizes=\"auto, (max-width: 375px) 100vw, 375px\" \/><\/a>Ante la muerte de mi madre siempre he tenido un sentimiento bic\u00e9falo: fue asesinada, literalmente, por las mezquindades y crueldades que genera la vida humana en sociedad, y se suicid\u00f3 sin realmente saber. No lo habr\u00eda hecho. No s\u00e9. No tengo gran cosa que decir, y me pasar\u00eda la vida buscando comprender algo. Si fuera rica, me pagar\u00eda una investigaci\u00f3n en mi mente para saber, sacarla a la luz, comprender, y comprenderme, para aprender y no volver a sufrir, y ayudar en lo posible que no se sufra, pues no es cierto que el sufrimiento compense nada, no lo compensa, es un infierno. Es como la pobreza. No se aprende, o bien, se puede aprender sin tener que pasar por eso. \u00a1Si la gente quisiera entender esta idea, cu\u00e1nto mejor nos portar\u00edamos \/ vivir\u00edamos!<\/p>\n<p>Ante mi \u00e9poca en que el sufrimiento me hizo plantearme matarme, para cesarlo ya, por no aguantar m\u00e1s, escucho aqu\u00ed que esto de las ganas de suicidarse nace de algo que hab\u00eda ya antes, en la infancia. Yo no estoy segura. Pienso que puede nacer de los golpes de la vida tambi\u00e9n. Ciertamente, la depresi\u00f3n es una enfermedad muy grave, quien no la ha pasado no sabe lo grave que es, y lo f\u00e1cil que es liarse y acabar en ella, en algunos sentidos; ciertamente, la depresi\u00f3n es un infierno, y por eso desde ah\u00ed se puede llegar a querer morir, cesar, descansar. Y hay que hablar, conectarse.<\/p>\n<p>De mi lucha por salir de lo que entiendo que fue una depresi\u00f3n que tuve por golpes de la vida y no saber asimilarlos o poder, tengo, por ejemplo, este relato, que es, no obstante, literatura, y no \u00abconfesional\u00bb. Es pura vida en lucha.<\/p>\n<p><strong><a href=\"http:\/\/www.mujerpalabra.net\/creadoras\/michelle\/pages\/relatos\/pdf\/lasaltadora08.pdf\">El misterio de Chihuahua<\/a>\u00a0<\/strong>&#8211; relato a\u00f1os despu\u00e9s a la muerte de mi madre, Carmen Re\u00f1\u00e9 (1937-1990)<\/p>\n","protected":false},"excerpt":{"rendered":"<p>Est\u00e1n echando lo que es el primer documental que yo veo sobre el suicidio y realmente es importante sacar este tema. Hablar es sin duda fundamental, y aprender a hablar de maneras constructivas, sobre temas importantes, con el apoyo de la ligereza de la vida. Esa complejidad y esa facilidad.\u00a0Documental en La 2 Ante la [&hellip;]<\/p>\n","protected":false},"author":1,"featured_media":0,"comment_status":"open","ping_status":"open","sticky":false,"template":"","format":"standard","meta":{"footnotes":""},"categories":[4,6],"tags":[241,428],"class_list":["post-4313","post","type-post","status-publish","format-standard","hentry","category-pensamientos-thoughts","category-relatos-stories","tag-carmen-rene","tag-muerte"],"_links":{"self":[{"href":"https:\/\/www.mujerpalabra.net\/blog\/index.php?rest_route=\/wp\/v2\/posts\/4313","targetHints":{"allow":["GET"]}}],"collection":[{"href":"https:\/\/www.mujerpalabra.net\/blog\/index.php?rest_route=\/wp\/v2\/posts"}],"about":[{"href":"https:\/\/www.mujerpalabra.net\/blog\/index.php?rest_route=\/wp\/v2\/types\/post"}],"author":[{"embeddable":true,"href":"https:\/\/www.mujerpalabra.net\/blog\/index.php?rest_route=\/wp\/v2\/users\/1"}],"replies":[{"embeddable":true,"href":"https:\/\/www.mujerpalabra.net\/blog\/index.php?rest_route=%2Fwp%2Fv2%2Fcomments&post=4313"}],"version-history":[{"count":6,"href":"https:\/\/www.mujerpalabra.net\/blog\/index.php?rest_route=\/wp\/v2\/posts\/4313\/revisions"}],"predecessor-version":[{"id":4320,"href":"https:\/\/www.mujerpalabra.net\/blog\/index.php?rest_route=\/wp\/v2\/posts\/4313\/revisions\/4320"}],"wp:attachment":[{"href":"https:\/\/www.mujerpalabra.net\/blog\/index.php?rest_route=%2Fwp%2Fv2%2Fmedia&parent=4313"}],"wp:term":[{"taxonomy":"category","embeddable":true,"href":"https:\/\/www.mujerpalabra.net\/blog\/index.php?rest_route=%2Fwp%2Fv2%2Fcategories&post=4313"},{"taxonomy":"post_tag","embeddable":true,"href":"https:\/\/www.mujerpalabra.net\/blog\/index.php?rest_route=%2Fwp%2Fv2%2Ftags&post=4313"}],"curies":[{"name":"wp","href":"https:\/\/api.w.org\/{rel}","templated":true}]}}