{"id":4258,"date":"2016-04-21T23:11:39","date_gmt":"2016-04-21T21:11:39","guid":{"rendered":"http:\/\/www.mujerpalabra.net\/blog\/?p=4258"},"modified":"2016-04-21T23:11:39","modified_gmt":"2016-04-21T21:11:39","slug":"celebrando-el-dia-del-libro-un-poema-y-su-historia","status":"publish","type":"post","link":"https:\/\/www.mujerpalabra.net\/blog\/?p=4258","title":{"rendered":"Celebrando el d\u00eda del libro: un poema y su historia"},"content":{"rendered":"<p>Con timidez y alegr\u00eda, pero tambi\u00e9n desde la lucha por la inteligencia feminista (es un poema lleno de siglos de lucha y cuando es de una mujer o an\u00f3nima es m\u00e1s dif\u00edcil poder leer profundo, tienes que educarte mucho, al menos es mi experiencia&#8230;), os comparto uno de mis poemas favoritos, que ya he compartido otras veces, pero hoy porque quiero contar su historia.<\/p>\n<p>O\u00edr el poema: <a href=\"http:\/\/l.facebook.com\/l.php?u=http%3A%2F%2Fvocaroo.com%2Fi%2Fs1KzxmaItAB4&amp;h=OAQHKGVdBAQEpKPLY9ERhMPEK4Gwr22DASgj6f_A3a1zmaQ&amp;enc=AZOSB58_uk_qQ3cvV3DXgut3tV3VskGwVF0hP0Uq33TKlQu0pieXjdLpFjNbyHbiWNVjuDL-xjETSKsLRPFtmhUfOiBXmO4EGZ6GRMe6C5SWMyZDD5s3IIYZMDK1LC8e4LFzRHMonuYb8oI2KYghsgWgSGnhBN6sVewE0iDHqMyO3dXUOZTf8tUwr7HhB4_Zc6s&amp;s=1\" target=\"_blank\" rel=\"nofollow\">http:\/\/vocaroo.com\/i\/s1KzxmaItAB4<\/a><\/p>\n<p>LA LOBA<\/p>\n<p>En el bosque de casta\u00f1os crepita la fauna m\u00e1s hermosa.<br \/>\nBajo la luz verde y \u00e1mbar del oto\u00f1o observa la loba<br \/>\ncon la mirada abierta del almendro y de la roca, con la visi\u00f3n del gamo<br \/>\nque salta desde la brasa de un helecho a otra brasa porque comprende.<\/p>\n<p>Clav\u00f3 el vuelo en su lomo el halc\u00f3n y la pira\u00f1a. Ahora arraigan<br \/>\nlos sapos en sus pezu\u00f1as, arraiga el cierzo, la nieve abrasa.<br \/>\nAsoma entre los pelos, llama cal\u00e9ndula ya primavera,<br \/>\nel ojo de lava del guepardo, del jabal\u00ed enamorado y ronco.<\/p>\n<p>Respiran hondo los troncos por sus branquias y la hojarasca<br \/>\nes un manto de conchas y caracolas, de mariposas, an\u00e9monas, larvas.<br \/>\nEn el bosque hermoso crepitan los pasos de la fiera.<br \/>\nLa loba baila: vuela la ortiga, y habita el amor en la espesura.<\/p>\n<p>Del libro <em>Tu muerte en mis sue\u00f1os y los animales<\/em><br \/>\nLA HISTORIA<\/p>\n<p>A finales de los ochenta estuve en Centroam\u00e9rica trabajando con una ONG pacifista en el contexto de la guerra. En el periodo de Costa Rica investig\u00e1bamos la historia de la lucha noviolenta en la Universidad de la Paz porque el gobierno sandinista, tras derrocar al dictador Somoza y empezar a reconstruir la sociedad, quer\u00eda que present\u00e1ramos la investigaci\u00f3n para plantearse una defensa nacional que combinara armas y ej\u00e9rcito con una estructuraci\u00f3n p\u00fablica de la lucha noviolenta. Sab\u00edan mucho del tema. De los seis meses de investigaci\u00f3n, y tras haber trabajado otros seis antes en Guatemala y El Salvador, como acompa\u00f1ante de personas que corr\u00edan el riesgo de ser desaparecidas y\/o secuestradas y\/o asesinadas por los escuadrones de la muerte, aprendiendo mucho sobre la lucha noviolenta y el amor a sobrevivir un d\u00eda m\u00e1s, lo brillante que era aquello (yo, que ven\u00eda de una Europa donde se dec\u00eda \u00abUn d\u00eda m\u00e1s\u00bb con cansancio a menudo; donde no se ve\u00eda en general lo bueno y se sobrevaloraba lo malo en ocasiones), de esos seis meses, y tras meses sometidos a mucha presi\u00f3n por la CIA y sus obsesiones absurdas y b\u00e9licas, decidimos que necesit\u00e1bamos al menos cuatro d\u00edas de descanso para poder terminar el proyecto y luego tener energ\u00eda renovada para el mes de trabajo present\u00e1ndolo en Nicaragua, y mi compa\u00f1ero y yo nos fuimos a la playa Manuel Antonio, que tiene el mar a un lado, una franja de arena blanca y fina, y al otro una selva, llena de todo tipo de caracolas pero&#8230; \u00a1con bicho! Al poner un pie en la selva, todo el bosque estaba vivo, incluso el suelo. Y todo mi cuerpo, de la cabeza a los pies, se llen\u00f3 de esa fuerza de vida, pura belleza. Y tuve un momento de ser plenamente, yo, propia, con toda la historia de la humanidad a las espaldas, y habiendo sobrevivido en esa guerra de confusi\u00f3n patriarcal, que nos empuja a valorar lo que deber\u00edamos descartar, y a despreciar lo que nos hace bien. Pense en el dolor y el sufrimiento como una ortiga, y que la rebeld\u00eda estaba en jam\u00e1s renunciar al amor como modo de estar en el mundo. Era 1988 y sigo pensando que la r.evoluci\u00f3n tiene que ver con esto!<\/p>\n<p>AMANDO TODO EL BIEN QUE HACE LA LITERATURA, TODA LA R.EVOLUCI\u00d3N QUE CONTIENE, \u00a1FELIZ D\u00cdA DEL LIBRO!<\/p>\n","protected":false},"excerpt":{"rendered":"<p>Con timidez y alegr\u00eda, pero tambi\u00e9n desde la lucha por la inteligencia feminista (es un poema lleno de siglos de lucha y cuando es de una mujer o an\u00f3nima es m\u00e1s dif\u00edcil poder leer profundo, tienes que educarte mucho, al menos es mi experiencia&#8230;), os comparto uno de mis poemas favoritos, que ya he compartido [&hellip;]<\/p>\n","protected":false},"author":1,"featured_media":0,"comment_status":"open","ping_status":"open","sticky":false,"template":"","format":"standard","meta":{"footnotes":""},"categories":[326,338,132,292,5,6],"tags":[418],"class_list":["post-4258","post","type-post","status-publish","format-standard","hentry","category-inteligencia-feminista","category-la-civilizacion-monstruosa","category-libro-del-bien","category-no-pasaremos-a-la-historia","category-poemas-poems","category-relatos-stories","tag-dia-del-libro"],"_links":{"self":[{"href":"https:\/\/www.mujerpalabra.net\/blog\/index.php?rest_route=\/wp\/v2\/posts\/4258","targetHints":{"allow":["GET"]}}],"collection":[{"href":"https:\/\/www.mujerpalabra.net\/blog\/index.php?rest_route=\/wp\/v2\/posts"}],"about":[{"href":"https:\/\/www.mujerpalabra.net\/blog\/index.php?rest_route=\/wp\/v2\/types\/post"}],"author":[{"embeddable":true,"href":"https:\/\/www.mujerpalabra.net\/blog\/index.php?rest_route=\/wp\/v2\/users\/1"}],"replies":[{"embeddable":true,"href":"https:\/\/www.mujerpalabra.net\/blog\/index.php?rest_route=%2Fwp%2Fv2%2Fcomments&post=4258"}],"version-history":[{"count":1,"href":"https:\/\/www.mujerpalabra.net\/blog\/index.php?rest_route=\/wp\/v2\/posts\/4258\/revisions"}],"predecessor-version":[{"id":4259,"href":"https:\/\/www.mujerpalabra.net\/blog\/index.php?rest_route=\/wp\/v2\/posts\/4258\/revisions\/4259"}],"wp:attachment":[{"href":"https:\/\/www.mujerpalabra.net\/blog\/index.php?rest_route=%2Fwp%2Fv2%2Fmedia&parent=4258"}],"wp:term":[{"taxonomy":"category","embeddable":true,"href":"https:\/\/www.mujerpalabra.net\/blog\/index.php?rest_route=%2Fwp%2Fv2%2Fcategories&post=4258"},{"taxonomy":"post_tag","embeddable":true,"href":"https:\/\/www.mujerpalabra.net\/blog\/index.php?rest_route=%2Fwp%2Fv2%2Ftags&post=4258"}],"curies":[{"name":"wp","href":"https:\/\/api.w.org\/{rel}","templated":true}]}}