{"id":4086,"date":"2016-01-31T19:35:59","date_gmt":"2016-01-31T18:35:59","guid":{"rendered":"http:\/\/www.mujerpalabra.net\/blog\/?p=4086"},"modified":"2016-01-31T19:35:59","modified_gmt":"2016-01-31T18:35:59","slug":"siempre-mujeres-ante-la-crisis","status":"publish","type":"post","link":"https:\/\/www.mujerpalabra.net\/blog\/?p=4086","title":{"rendered":"Siempre: mujeres ante la crisis"},"content":{"rendered":"<p>IMPORTANTE! mujeres organiz\u00e1ndose ante la crisis (Grecia!) Piden fotos de Mujeres en \u00e9poca de crisis para su festival el 28 de enero. Se me ocurre que podr\u00edamos mandar la de con la camiseta No pasaremos a la historia&#8230; !<\/p>\n<p>En Femenino rural:<\/p>\n<p><span class=\"mbs fwn fcg\" data-ft=\"{&quot;tn&quot;:&quot;C&quot;}\"><span class=\"fcg\"><span class=\"fwb\"><a id=\"js_rd\" class=\"profileLink\" href=\"https:\/\/www.facebook.com\/profile.php?id=100010698995464\" data-ft=\"{&quot;tn&quot;:&quot;l&quot;}\" data-hovercard=\"\/ajax\/hovercard\/user.php?id=100010698995464\">Femenino Rural<\/a><\/span> <\/span><\/span><span class=\"fsm fwn fcg\"><span class=\"fsm fwn fcg\"><a class=\"_5pcq\" href=\"https:\/\/www.facebook.com\/permalink.php?story_fbid=165019340531365&amp;id=100010698995464&amp;substory_index=0\" target=\"\"><abbr class=\"_5ptz\" title=\"S\u00e1bado, 16 de enero de 2016 a las 8:06\" data-utime=\"1452960385\" data-shorten=\"1\"><span class=\"timestampContent\">16 de enero<\/span><\/abbr><\/a><\/span><\/span><\/p>\n<div class=\"mtm _5pco\" data-ft=\"{&quot;tn&quot;:&quot;K&quot;}\">\n<div id=\"id_56ae1921c89b41d64692623\" class=\"text_exposed_root text_exposed\">\n<p>\u201cNinguna sola durante la crisis!\u201d Es la firme determinaci\u00f3n de mujeres griegas que, conscientes de las violencias que se ejerce sobre ellas, han decidido ayudar<span class=\"text_exposed_show\">se las unas a las otras creando Casas de Mujeres autogestionadas. As\u00ed naci\u00f3 la Casa de Mujeres de Tesal\u00f3nica en 2013 y la experiencia ahora se reproduce en Atenas, donde pr\u00f3ximamente se abrir\u00e1 un nuevo espacio, para cuya inauguraci\u00f3n han organizado un festival y una exposici\u00f3n colaborativa de fotos bajo el tema \u2018La mujer en tiempos de crisis\u2019. [ 575 more words. ]<\/span><\/p>\n<blockquote class=\"wp-embedded-content\" data-secret=\"zKgW40mpUD\"><p><a href=\"https:\/\/femeninorural.wordpress.com\/2016\/01\/16\/crecen-las-casas-de-mujeres-autogestionadas-en-grecia-ninguna-sola-durante-la-crisis\/\">Crecen las Casas de Mujeres autogestionadas en Grecia: \u00ab\u00a1Ninguna sola durante la&nbsp;crisis!\u00bb<\/a><\/p><\/blockquote>\n<p><iframe loading=\"lazy\" class=\"wp-embedded-content\" sandbox=\"allow-scripts\" security=\"restricted\" style=\"position: absolute; clip: rect(1px, 1px, 1px, 1px);\" title=\"\u00abCrecen las Casas de Mujeres autogestionadas en Grecia: \u00ab\u00a1Ninguna sola durante la&nbsp;crisis!\u00bb\u00bb \u2014  \" src=\"https:\/\/femeninorural.wordpress.com\/2016\/01\/16\/crecen-las-casas-de-mujeres-autogestionadas-en-grecia-ninguna-sola-durante-la-crisis\/embed\/#?secret=xIhLJAHD2B#?secret=zKgW40mpUD\" data-secret=\"zKgW40mpUD\" width=\"600\" height=\"338\" frameborder=\"0\" marginwidth=\"0\" marginheight=\"0\" scrolling=\"no\"><\/iframe><\/p>\n<\/div>\n<\/div>\n","protected":false},"excerpt":{"rendered":"<p>IMPORTANTE! mujeres organiz\u00e1ndose ante la crisis (Grecia!) Piden fotos de Mujeres en \u00e9poca de crisis para su festival el 28 de enero. Se me ocurre que podr\u00edamos mandar la de con la camiseta No pasaremos a la historia&#8230; ! En Femenino rural: Femenino Rural 16 de enero \u201cNinguna sola durante la crisis!\u201d Es la firme [&hellip;]<\/p>\n","protected":false},"author":1,"featured_media":0,"comment_status":"open","ping_status":"open","sticky":false,"template":"","format":"standard","meta":{"footnotes":""},"categories":[333,132,292,4],"tags":[373,159,372,375,374],"class_list":["post-4086","post","type-post","status-publish","format-standard","hentry","category-casa","category-libro-del-bien","category-no-pasaremos-a-la-historia","category-pensamientos-thoughts","tag-autogestion","tag-crisis","tag-economia","tag-grecia","tag-mujeres"],"_links":{"self":[{"href":"https:\/\/www.mujerpalabra.net\/blog\/index.php?rest_route=\/wp\/v2\/posts\/4086","targetHints":{"allow":["GET"]}}],"collection":[{"href":"https:\/\/www.mujerpalabra.net\/blog\/index.php?rest_route=\/wp\/v2\/posts"}],"about":[{"href":"https:\/\/www.mujerpalabra.net\/blog\/index.php?rest_route=\/wp\/v2\/types\/post"}],"author":[{"embeddable":true,"href":"https:\/\/www.mujerpalabra.net\/blog\/index.php?rest_route=\/wp\/v2\/users\/1"}],"replies":[{"embeddable":true,"href":"https:\/\/www.mujerpalabra.net\/blog\/index.php?rest_route=%2Fwp%2Fv2%2Fcomments&post=4086"}],"version-history":[{"count":1,"href":"https:\/\/www.mujerpalabra.net\/blog\/index.php?rest_route=\/wp\/v2\/posts\/4086\/revisions"}],"predecessor-version":[{"id":4087,"href":"https:\/\/www.mujerpalabra.net\/blog\/index.php?rest_route=\/wp\/v2\/posts\/4086\/revisions\/4087"}],"wp:attachment":[{"href":"https:\/\/www.mujerpalabra.net\/blog\/index.php?rest_route=%2Fwp%2Fv2%2Fmedia&parent=4086"}],"wp:term":[{"taxonomy":"category","embeddable":true,"href":"https:\/\/www.mujerpalabra.net\/blog\/index.php?rest_route=%2Fwp%2Fv2%2Fcategories&post=4086"},{"taxonomy":"post_tag","embeddable":true,"href":"https:\/\/www.mujerpalabra.net\/blog\/index.php?rest_route=%2Fwp%2Fv2%2Ftags&post=4086"}],"curies":[{"name":"wp","href":"https:\/\/api.w.org\/{rel}","templated":true}]}}