{"id":4056,"date":"2016-01-31T19:42:19","date_gmt":"2016-01-31T18:42:19","guid":{"rendered":"http:\/\/www.mujerpalabra.net\/blog\/?p=4056"},"modified":"2016-01-31T19:42:45","modified_gmt":"2016-01-31T18:42:45","slug":"misterios-postal-y-aprendizaje-tinte","status":"publish","type":"post","link":"https:\/\/www.mujerpalabra.net\/blog\/?p=4056","title":{"rendered":"Misterios (postal) y aprendizaje (tinte)"},"content":{"rendered":"<p>27 dic 2015. MISTERIO DE POSTAL. He recibido una postal, a mi direcci\u00f3n f\u00edsica, y no viene firmada y no s\u00e9 de qui\u00e9n es. (Cabecita despist\u00e1?) Es una postal de la artista <a class=\"profileLink\" href=\"https:\/\/www.facebook.com\/sarafra\/\" data-hovercard=\"\/ajax\/hovercard\/page.php?id=134525646654093\">Sara Fratini<\/a>, la titulada \u00ab\u00bfQu\u00e9 est\u00e1 pasando?\u00bb, y aunque se envi\u00f3 en Madrid en la primera mitad de noviembre, me ha llegado ahora! Si alguien sabe algo\u2026 &lt;3 Ni que decir tiene que he escrito a la artista, pero no es de ella. Es s\u00f3lo su postal.<\/p>\n<p>Resuelto el misterio! \ud83d\ude42 &lt;3<\/p>\n<p>TINTE. Ya s\u00e9 por qu\u00e9 insisten en las instrucciones en que te pongas los guantes si te vas a tenir de rojo-le-prendo-fuego-al-mundo-patriarcal. (suspiritos)<\/p>\n","protected":false},"excerpt":{"rendered":"<p>27 dic 2015. MISTERIO DE POSTAL. He recibido una postal, a mi direcci\u00f3n f\u00edsica, y no viene firmada y no s\u00e9 de qui\u00e9n es. (Cabecita despist\u00e1?) Es una postal de la artista Sara Fratini, la titulada \u00ab\u00bfQu\u00e9 est\u00e1 pasando?\u00bb, y aunque se envi\u00f3 en Madrid en la primera mitad de noviembre, me ha llegado ahora! [&hellip;]<\/p>\n","protected":false},"author":1,"featured_media":0,"comment_status":"open","ping_status":"open","sticky":false,"template":"","format":"standard","meta":{"footnotes":""},"categories":[4],"tags":[379,380,378],"class_list":["post-4056","post","type-post","status-publish","format-standard","hentry","category-pensamientos-thoughts","tag-misterio","tag-sara-fratini","tag-tinte"],"_links":{"self":[{"href":"https:\/\/www.mujerpalabra.net\/blog\/index.php?rest_route=\/wp\/v2\/posts\/4056","targetHints":{"allow":["GET"]}}],"collection":[{"href":"https:\/\/www.mujerpalabra.net\/blog\/index.php?rest_route=\/wp\/v2\/posts"}],"about":[{"href":"https:\/\/www.mujerpalabra.net\/blog\/index.php?rest_route=\/wp\/v2\/types\/post"}],"author":[{"embeddable":true,"href":"https:\/\/www.mujerpalabra.net\/blog\/index.php?rest_route=\/wp\/v2\/users\/1"}],"replies":[{"embeddable":true,"href":"https:\/\/www.mujerpalabra.net\/blog\/index.php?rest_route=%2Fwp%2Fv2%2Fcomments&post=4056"}],"version-history":[{"count":2,"href":"https:\/\/www.mujerpalabra.net\/blog\/index.php?rest_route=\/wp\/v2\/posts\/4056\/revisions"}],"predecessor-version":[{"id":4108,"href":"https:\/\/www.mujerpalabra.net\/blog\/index.php?rest_route=\/wp\/v2\/posts\/4056\/revisions\/4108"}],"wp:attachment":[{"href":"https:\/\/www.mujerpalabra.net\/blog\/index.php?rest_route=%2Fwp%2Fv2%2Fmedia&parent=4056"}],"wp:term":[{"taxonomy":"category","embeddable":true,"href":"https:\/\/www.mujerpalabra.net\/blog\/index.php?rest_route=%2Fwp%2Fv2%2Fcategories&post=4056"},{"taxonomy":"post_tag","embeddable":true,"href":"https:\/\/www.mujerpalabra.net\/blog\/index.php?rest_route=%2Fwp%2Fv2%2Ftags&post=4056"}],"curies":[{"name":"wp","href":"https:\/\/api.w.org\/{rel}","templated":true}]}}