{"id":3980,"date":"2015-11-21T02:40:07","date_gmt":"2015-11-21T01:40:07","guid":{"rendered":"http:\/\/www.mujerpalabra.net\/blog\/?p=3980"},"modified":"2015-11-21T02:40:07","modified_gmt":"2015-11-21T01:40:07","slug":"activismo-social-segun-genero","status":"publish","type":"post","link":"https:\/\/www.mujerpalabra.net\/blog\/?p=3980","title":{"rendered":"Activismo social seg\u00fan g\u00e9nero"},"content":{"rendered":"<p>Cuando un hombre heterosexual y blanco habla del precio a su activismo social, en general se le admira (y me parece l\u00f3gico) y SE LE CREE, al menos frente a cuando una mujer habla del precio a su activismo social, pues en el caso de ella se piensa que es una loca (peligrosa, adem\u00e1s, a pesar de que quien ejerce la violencia f\u00edsica desde hace siglos en el planeta es el Hombre porque as\u00ed lo manda el patriarcado). A el<span class=\"text_exposed_show\">la no se la concibe como activista, porque las mujeres son contenedores y criadas en el patriarcado, desde hace siglos, en los sistemas conceptuales. Coherentemente con esto, el precio a su activismo del hombre es llamado \u00abrepresi\u00f3n\u00bb, pero como la represi\u00f3n a las ellas que protestan viene de la propia sociedad (adem\u00e1s de que pueda venir de otras fuentes), est\u00e1 amparada por el silencio invisibilizador de la sociedad en su conjunto, no es represi\u00f3n. Todo es tan violento que da n\u00e1useas.<\/span><\/p>\n","protected":false},"excerpt":{"rendered":"<p>Cuando un hombre heterosexual y blanco habla del precio a su activismo social, en general se le admira (y me parece l\u00f3gico) y SE LE CREE, al menos frente a cuando una mujer habla del precio a su activismo social, pues en el caso de ella se piensa que es una loca (peligrosa, adem\u00e1s, a [&hellip;]<\/p>\n","protected":false},"author":1,"featured_media":0,"comment_status":"open","ping_status":"open","sticky":false,"template":"","format":"standard","meta":{"footnotes":""},"categories":[338,301,292,4,325],"tags":[],"class_list":["post-3980","post","type-post","status-publish","format-standard","hentry","category-la-civilizacion-monstruosa","category-manual-que-es-violencia","category-no-pasaremos-a-la-historia","category-pensamientos-thoughts","category-violencia-y-noviolencia"],"_links":{"self":[{"href":"https:\/\/www.mujerpalabra.net\/blog\/index.php?rest_route=\/wp\/v2\/posts\/3980","targetHints":{"allow":["GET"]}}],"collection":[{"href":"https:\/\/www.mujerpalabra.net\/blog\/index.php?rest_route=\/wp\/v2\/posts"}],"about":[{"href":"https:\/\/www.mujerpalabra.net\/blog\/index.php?rest_route=\/wp\/v2\/types\/post"}],"author":[{"embeddable":true,"href":"https:\/\/www.mujerpalabra.net\/blog\/index.php?rest_route=\/wp\/v2\/users\/1"}],"replies":[{"embeddable":true,"href":"https:\/\/www.mujerpalabra.net\/blog\/index.php?rest_route=%2Fwp%2Fv2%2Fcomments&post=3980"}],"version-history":[{"count":1,"href":"https:\/\/www.mujerpalabra.net\/blog\/index.php?rest_route=\/wp\/v2\/posts\/3980\/revisions"}],"predecessor-version":[{"id":3981,"href":"https:\/\/www.mujerpalabra.net\/blog\/index.php?rest_route=\/wp\/v2\/posts\/3980\/revisions\/3981"}],"wp:attachment":[{"href":"https:\/\/www.mujerpalabra.net\/blog\/index.php?rest_route=%2Fwp%2Fv2%2Fmedia&parent=3980"}],"wp:term":[{"taxonomy":"category","embeddable":true,"href":"https:\/\/www.mujerpalabra.net\/blog\/index.php?rest_route=%2Fwp%2Fv2%2Fcategories&post=3980"},{"taxonomy":"post_tag","embeddable":true,"href":"https:\/\/www.mujerpalabra.net\/blog\/index.php?rest_route=%2Fwp%2Fv2%2Ftags&post=3980"}],"curies":[{"name":"wp","href":"https:\/\/api.w.org\/{rel}","templated":true}]}}