{"id":3975,"date":"2015-11-16T01:32:33","date_gmt":"2015-11-16T00:32:33","guid":{"rendered":"http:\/\/www.mujerpalabra.net\/blog\/?p=3975"},"modified":"2015-11-16T01:32:33","modified_gmt":"2015-11-16T00:32:33","slug":"tener-bebes-y-progreso-generacional","status":"publish","type":"post","link":"https:\/\/www.mujerpalabra.net\/blog\/?p=3975","title":{"rendered":"Tener beb\u00e9s y progreso generacional"},"content":{"rendered":"<p>GENERACIONES, DIFICULTADES Y PASOS BUENOS. Cuando la gente m\u00e1s joven dice que por el paro no pueden elegir tener o no beb\u00e9s yo me acuerdo de que la generaci\u00f3n de mi madre y abuelas y para atr\u00e1s no pudo elegir&#8230; Que elegir respecto a descendencia acaba de empezar, es muy nuevo. La gran diferencia en esto es que ahora hay mujeres que pueden escapar a la maternidad forzosa, y que ahora hay hombres que desean ser padres. Y son diferencias a favor de la gente. Que la pol\u00edtica que ampara la corrupci\u00f3n robe trabajo y vivienda y que eso tenga la consecuencia de que la gente no puede tener beb\u00e9s no deber\u00eda contarse como arriba porque genera confusi\u00f3n que invisibiliza la realidad forzosa del pasado y los logros positivos del presente.<\/p>\n","protected":false},"excerpt":{"rendered":"<p>GENERACIONES, DIFICULTADES Y PASOS BUENOS. Cuando la gente m\u00e1s joven dice que por el paro no pueden elegir tener o no beb\u00e9s yo me acuerdo de que la generaci\u00f3n de mi madre y abuelas y para atr\u00e1s no pudo elegir&#8230; Que elegir respecto a descendencia acaba de empezar, es muy nuevo. La gran diferencia en [&hellip;]<\/p>\n","protected":false},"author":1,"featured_media":0,"comment_status":"open","ping_status":"open","sticky":false,"template":"","format":"standard","meta":{"footnotes":""},"categories":[326,301,292,4],"tags":[357],"class_list":["post-3975","post","type-post","status-publish","format-standard","hentry","category-inteligencia-feminista","category-manual-que-es-violencia","category-no-pasaremos-a-la-historia","category-pensamientos-thoughts","tag-maternidad"],"_links":{"self":[{"href":"https:\/\/www.mujerpalabra.net\/blog\/index.php?rest_route=\/wp\/v2\/posts\/3975","targetHints":{"allow":["GET"]}}],"collection":[{"href":"https:\/\/www.mujerpalabra.net\/blog\/index.php?rest_route=\/wp\/v2\/posts"}],"about":[{"href":"https:\/\/www.mujerpalabra.net\/blog\/index.php?rest_route=\/wp\/v2\/types\/post"}],"author":[{"embeddable":true,"href":"https:\/\/www.mujerpalabra.net\/blog\/index.php?rest_route=\/wp\/v2\/users\/1"}],"replies":[{"embeddable":true,"href":"https:\/\/www.mujerpalabra.net\/blog\/index.php?rest_route=%2Fwp%2Fv2%2Fcomments&post=3975"}],"version-history":[{"count":1,"href":"https:\/\/www.mujerpalabra.net\/blog\/index.php?rest_route=\/wp\/v2\/posts\/3975\/revisions"}],"predecessor-version":[{"id":3976,"href":"https:\/\/www.mujerpalabra.net\/blog\/index.php?rest_route=\/wp\/v2\/posts\/3975\/revisions\/3976"}],"wp:attachment":[{"href":"https:\/\/www.mujerpalabra.net\/blog\/index.php?rest_route=%2Fwp%2Fv2%2Fmedia&parent=3975"}],"wp:term":[{"taxonomy":"category","embeddable":true,"href":"https:\/\/www.mujerpalabra.net\/blog\/index.php?rest_route=%2Fwp%2Fv2%2Fcategories&post=3975"},{"taxonomy":"post_tag","embeddable":true,"href":"https:\/\/www.mujerpalabra.net\/blog\/index.php?rest_route=%2Fwp%2Fv2%2Ftags&post=3975"}],"curies":[{"name":"wp","href":"https:\/\/api.w.org\/{rel}","templated":true}]}}