{"id":3962,"date":"2015-11-15T19:54:36","date_gmt":"2015-11-15T18:54:36","guid":{"rendered":"http:\/\/www.mujerpalabra.net\/blog\/?p=3962"},"modified":"2015-11-15T19:55:20","modified_gmt":"2015-11-15T18:55:20","slug":"patriarcado-violencia-y-lucha-social-mi-saga","status":"publish","type":"post","link":"https:\/\/www.mujerpalabra.net\/blog\/?p=3962","title":{"rendered":"Patriarcado, violencia y lucha social (liderazgo \u00e9tico)"},"content":{"rendered":"<p>PATRIARCADO, VIOLENCIA Y LUCHA SOCIAL. Si algo tienen las y los l\u00edderes \u00e9ticos es que son capaces de ver lo que el patriarcado nos educa para no ver, las cosas que ocurren que pueden cambiar el estado del poder. \u00bfY d\u00f3nde est\u00e1n esas personas? Normalmente, nunca en lugares de concentraci\u00f3n de poder. Son de una saga an\u00f3nima que siempre ha estado ah\u00ed, impulsando con sus vidas, siempre siendo pocas personas para lograr modificar la tendencia social. La saga que sabe mirar el mundo con la mirada clara, para localizar la posibilidad de cambio frente a lo que oprime, destruye, genera sufrimiento. Una saga a la que yo quiero pertenecer pues no concibo mejor compa\u00f1\u00eda para una vida.<\/p>\n","protected":false},"excerpt":{"rendered":"<p>PATRIARCADO, VIOLENCIA Y LUCHA SOCIAL. Si algo tienen las y los l\u00edderes \u00e9ticos es que son capaces de ver lo que el patriarcado nos educa para no ver, las cosas que ocurren que pueden cambiar el estado del poder. \u00bfY d\u00f3nde est\u00e1n esas personas? Normalmente, nunca en lugares de concentraci\u00f3n de poder. Son de una [&hellip;]<\/p>\n","protected":false},"author":1,"featured_media":0,"comment_status":"open","ping_status":"open","sticky":false,"template":"","format":"standard","meta":{"footnotes":""},"categories":[326,338,301,292,4],"tags":[353,354],"class_list":["post-3962","post","type-post","status-publish","format-standard","hentry","category-inteligencia-feminista","category-la-civilizacion-monstruosa","category-manual-que-es-violencia","category-no-pasaremos-a-la-historia","category-pensamientos-thoughts","tag-activismo","tag-liderazgo"],"_links":{"self":[{"href":"https:\/\/www.mujerpalabra.net\/blog\/index.php?rest_route=\/wp\/v2\/posts\/3962","targetHints":{"allow":["GET"]}}],"collection":[{"href":"https:\/\/www.mujerpalabra.net\/blog\/index.php?rest_route=\/wp\/v2\/posts"}],"about":[{"href":"https:\/\/www.mujerpalabra.net\/blog\/index.php?rest_route=\/wp\/v2\/types\/post"}],"author":[{"embeddable":true,"href":"https:\/\/www.mujerpalabra.net\/blog\/index.php?rest_route=\/wp\/v2\/users\/1"}],"replies":[{"embeddable":true,"href":"https:\/\/www.mujerpalabra.net\/blog\/index.php?rest_route=%2Fwp%2Fv2%2Fcomments&post=3962"}],"version-history":[{"count":2,"href":"https:\/\/www.mujerpalabra.net\/blog\/index.php?rest_route=\/wp\/v2\/posts\/3962\/revisions"}],"predecessor-version":[{"id":3964,"href":"https:\/\/www.mujerpalabra.net\/blog\/index.php?rest_route=\/wp\/v2\/posts\/3962\/revisions\/3964"}],"wp:attachment":[{"href":"https:\/\/www.mujerpalabra.net\/blog\/index.php?rest_route=%2Fwp%2Fv2%2Fmedia&parent=3962"}],"wp:term":[{"taxonomy":"category","embeddable":true,"href":"https:\/\/www.mujerpalabra.net\/blog\/index.php?rest_route=%2Fwp%2Fv2%2Fcategories&post=3962"},{"taxonomy":"post_tag","embeddable":true,"href":"https:\/\/www.mujerpalabra.net\/blog\/index.php?rest_route=%2Fwp%2Fv2%2Ftags&post=3962"}],"curies":[{"name":"wp","href":"https:\/\/api.w.org\/{rel}","templated":true}]}}