{"id":3935,"date":"2015-11-09T00:27:19","date_gmt":"2015-11-08T23:27:19","guid":{"rendered":"http:\/\/www.mujerpalabra.net\/blog\/?p=3935"},"modified":"2015-11-09T00:27:19","modified_gmt":"2015-11-08T23:27:19","slug":"visiones-de-la-politica","status":"publish","type":"post","link":"https:\/\/www.mujerpalabra.net\/blog\/?p=3935","title":{"rendered":"Visiones de la pol\u00edtica"},"content":{"rendered":"<p>VISIONES DE LA POL\u00cdTICA. Vale, a ver, le he puesto exclamaci\u00f3n y pregunta (\u00a1\u00bfDespolitizar&#8230;?!), porque hab\u00eda gente que estaba entendiendo lo que no quer\u00eda decir yo.\u00a0 \u00bfC\u00f3mo voy a querer yo despolitizar una lucha pol\u00edtica feminista, por ejemplo? : ) Ser pacifista y feminista y tener ideales anarquistas no conducen a eso, sino a una visi\u00f3n de la pol\u00edtica que sin duda alguna no es la que tienen los partidos pol\u00edticos patriarcales por defecto. Esperemos que sigan evolucionando hacia lo que en el movimiento social ya se lleva a cabo m\u00e1s, en concepciones y acciones.<\/p>\n<p><a href=\"http:\/\/www.mujerpalabra.net\/activismo\/feminismo\/7n_despolitizarlarevnvfeminista.htm\">http:\/\/www.mujerpalabra.net\/activismo\/feminismo\/7n_despolitizarlarevnvfeminista.htm<\/a><\/p>\n","protected":false},"excerpt":{"rendered":"<p>VISIONES DE LA POL\u00cdTICA. Vale, a ver, le he puesto exclamaci\u00f3n y pregunta (\u00a1\u00bfDespolitizar&#8230;?!), porque hab\u00eda gente que estaba entendiendo lo que no quer\u00eda decir yo.\u00a0 \u00bfC\u00f3mo voy a querer yo despolitizar una lucha pol\u00edtica feminista, por ejemplo? : ) Ser pacifista y feminista y tener ideales anarquistas no conducen a eso, sino a una [&hellip;]<\/p>\n","protected":false},"author":1,"featured_media":0,"comment_status":"open","ping_status":"open","sticky":false,"template":"","format":"standard","meta":{"footnotes":""},"categories":[132,4],"tags":[],"class_list":["post-3935","post","type-post","status-publish","format-standard","hentry","category-libro-del-bien","category-pensamientos-thoughts"],"_links":{"self":[{"href":"https:\/\/www.mujerpalabra.net\/blog\/index.php?rest_route=\/wp\/v2\/posts\/3935","targetHints":{"allow":["GET"]}}],"collection":[{"href":"https:\/\/www.mujerpalabra.net\/blog\/index.php?rest_route=\/wp\/v2\/posts"}],"about":[{"href":"https:\/\/www.mujerpalabra.net\/blog\/index.php?rest_route=\/wp\/v2\/types\/post"}],"author":[{"embeddable":true,"href":"https:\/\/www.mujerpalabra.net\/blog\/index.php?rest_route=\/wp\/v2\/users\/1"}],"replies":[{"embeddable":true,"href":"https:\/\/www.mujerpalabra.net\/blog\/index.php?rest_route=%2Fwp%2Fv2%2Fcomments&post=3935"}],"version-history":[{"count":1,"href":"https:\/\/www.mujerpalabra.net\/blog\/index.php?rest_route=\/wp\/v2\/posts\/3935\/revisions"}],"predecessor-version":[{"id":3936,"href":"https:\/\/www.mujerpalabra.net\/blog\/index.php?rest_route=\/wp\/v2\/posts\/3935\/revisions\/3936"}],"wp:attachment":[{"href":"https:\/\/www.mujerpalabra.net\/blog\/index.php?rest_route=%2Fwp%2Fv2%2Fmedia&parent=3935"}],"wp:term":[{"taxonomy":"category","embeddable":true,"href":"https:\/\/www.mujerpalabra.net\/blog\/index.php?rest_route=%2Fwp%2Fv2%2Fcategories&post=3935"},{"taxonomy":"post_tag","embeddable":true,"href":"https:\/\/www.mujerpalabra.net\/blog\/index.php?rest_route=%2Fwp%2Fv2%2Ftags&post=3935"}],"curies":[{"name":"wp","href":"https:\/\/api.w.org\/{rel}","templated":true}]}}