{"id":3912,"date":"2015-11-01T20:52:11","date_gmt":"2015-11-01T19:52:11","guid":{"rendered":"http:\/\/www.mujerpalabra.net\/blog\/?p=3912"},"modified":"2015-11-01T21:21:00","modified_gmt":"2015-11-01T20:21:00","slug":"en-mi-cabeza-hay-luz-poema","status":"publish","type":"post","link":"https:\/\/www.mujerpalabra.net\/blog\/?p=3912","title":{"rendered":"En mi cabeza hay luz (poema)"},"content":{"rendered":"<p>En mi cabeza hay luz<\/p>\n<p>como en el lugar donde habito.<\/p>\n<p>Colores como arcos del Mediterr\u00e1neo,<\/p>\n<p>surcando el cielo azul, pura alegr\u00eda,<\/p>\n<p>puro espacio abierto, olores blancos<\/p>\n<p>de noches c\u00e1lidas y grillos.<\/p>\n<p>&nbsp;<\/p>\n<p>Mis sombras son cuartos<\/p>\n<p>que a veces visito,<\/p>\n<p>y pozos a los que bajo<\/p>\n<p>agarr\u00e1ndome a las piedras,<\/p>\n<p>en un cubo o con liana,<\/p>\n<p>como si el peligro fuera relativo.<\/p>\n<p>&nbsp;<\/p>\n<p><a href=\"http:\/\/www.fotocommunity.es\/pc\/pc\/display\/22258247\"><img loading=\"lazy\" decoding=\"async\" class=\"alignnone wp-image-3923\" src=\"http:\/\/www.mujerpalabra.net\/blog\/wp-content\/uploads\/2015\/11\/el-pino-cbc1860a-cbf7-4d5c-9d9e-b12d16eb4c881.jpg\" alt=\"el-pino-cbc1860a-cbf7-4d5c-9d9e-b12d16eb4c88\" width=\"700\" height=\"351\" srcset=\"https:\/\/www.mujerpalabra.net\/blog\/wp-content\/uploads\/2015\/11\/el-pino-cbc1860a-cbf7-4d5c-9d9e-b12d16eb4c881.jpg 1000w, https:\/\/www.mujerpalabra.net\/blog\/wp-content\/uploads\/2015\/11\/el-pino-cbc1860a-cbf7-4d5c-9d9e-b12d16eb4c881-300x150.jpg 300w\" sizes=\"auto, (max-width: 700px) 100vw, 700px\" \/><\/a><\/p>\n","protected":false},"excerpt":{"rendered":"<p>En mi cabeza hay luz como en el lugar donde habito. Colores como arcos del Mediterr\u00e1neo, surcando el cielo azul, pura alegr\u00eda, puro espacio abierto, olores blancos de noches c\u00e1lidas y grillos. &nbsp; Mis sombras son cuartos que a veces visito, y pozos a los que bajo agarr\u00e1ndome a las piedras, en un cubo o [&hellip;]<\/p>\n","protected":false},"author":1,"featured_media":0,"comment_status":"open","ping_status":"open","sticky":false,"template":"","format":"standard","meta":{"footnotes":""},"categories":[5],"tags":[],"class_list":["post-3912","post","type-post","status-publish","format-standard","hentry","category-poemas-poems"],"_links":{"self":[{"href":"https:\/\/www.mujerpalabra.net\/blog\/index.php?rest_route=\/wp\/v2\/posts\/3912","targetHints":{"allow":["GET"]}}],"collection":[{"href":"https:\/\/www.mujerpalabra.net\/blog\/index.php?rest_route=\/wp\/v2\/posts"}],"about":[{"href":"https:\/\/www.mujerpalabra.net\/blog\/index.php?rest_route=\/wp\/v2\/types\/post"}],"author":[{"embeddable":true,"href":"https:\/\/www.mujerpalabra.net\/blog\/index.php?rest_route=\/wp\/v2\/users\/1"}],"replies":[{"embeddable":true,"href":"https:\/\/www.mujerpalabra.net\/blog\/index.php?rest_route=%2Fwp%2Fv2%2Fcomments&post=3912"}],"version-history":[{"count":8,"href":"https:\/\/www.mujerpalabra.net\/blog\/index.php?rest_route=\/wp\/v2\/posts\/3912\/revisions"}],"predecessor-version":[{"id":3925,"href":"https:\/\/www.mujerpalabra.net\/blog\/index.php?rest_route=\/wp\/v2\/posts\/3912\/revisions\/3925"}],"wp:attachment":[{"href":"https:\/\/www.mujerpalabra.net\/blog\/index.php?rest_route=%2Fwp%2Fv2%2Fmedia&parent=3912"}],"wp:term":[{"taxonomy":"category","embeddable":true,"href":"https:\/\/www.mujerpalabra.net\/blog\/index.php?rest_route=%2Fwp%2Fv2%2Fcategories&post=3912"},{"taxonomy":"post_tag","embeddable":true,"href":"https:\/\/www.mujerpalabra.net\/blog\/index.php?rest_route=%2Fwp%2Fv2%2Ftags&post=3912"}],"curies":[{"name":"wp","href":"https:\/\/api.w.org\/{rel}","templated":true}]}}