{"id":3702,"date":"2015-08-18T04:45:52","date_gmt":"2015-08-18T02:45:52","guid":{"rendered":"http:\/\/www.mujerpalabra.net\/blog\/?p=3702"},"modified":"2015-08-18T04:53:35","modified_gmt":"2015-08-18T02:53:35","slug":"te-desconocen","status":"publish","type":"post","link":"https:\/\/www.mujerpalabra.net\/blog\/?p=3702","title":{"rendered":"Te desconocen"},"content":{"rendered":"<p>TE DESCONOCEN. Dec\u00edan Blanca Andreu al final de un poema (\u00ab<strong><a href=\"http:\/\/blancaandreublog.blogspot.com.es\/2013\/10\/di-que-querias-ser-caballo-esbelto-de.html\">Di que quer\u00edas ser caballo<\/a><\/strong> <del>griego<\/del>\u00ab), \u00abTe desconoces, te desconoces\u00bb. Tambi\u00e9n est\u00e1 el \u00abte desconocen\u00bb aunque importe menos en tu casa propia, aunque mucho en las plazas p\u00fablicas (la difamaci\u00f3n, y la omisi\u00f3n, esas dos armas hist\u00e9ricas del patriarcado para machacar a las mujeres que no pueden obedecer ciegamente).<\/p>\n<p><span style=\"line-height: 1.5;\">Voy a decirlo con libertad, sin pretender herir a nadie, por m\u00e1s que tengo comprobado emp\u00edricamente que tiene siempre un precio (y si alguna persona adorable tiene dudas por favor, basta con preguntarme, incluso por email, sin problemas y sin drama; mi \u00abviolencia\u00bb es decir los razonamientos que se me ocurren porque no comprendo muchas cosas y quiero comprenderlas para poder asimilarlas y\/o transformarlas y\/o esquivarlas, es decir, por mucho que me presenten como fiera soy b\u00e1sicamente inofensiva radical). All\u00e1 voy:<\/span><\/p>\n<p><span style=\"line-height: 1.5;\">Si a m\u00ed me da pudor -y no puedo ni imaginarlo; y tb me da tristeza, s\u00ed- eso de sentir que conozco a las personas que quiero, a mucha gente no le da nada imaginar que te conocen bien, y al parecer las personas como yo somos f\u00e1ciles de conocer. (A m\u00ed me lo han dicho tanto que lo que ahora que soy vieja no s\u00e9 es c\u00f3mo tuve tant\u00edsima inseguridad -y daba las gracias, a lo japonesa- o paciencia.) Y ah\u00ed se produce el gran l\u00edo de la incomunicaci\u00f3n y las expectativas y sus guerras sin fin (en la especie, hablo aqu\u00ed en general). Si yo me desconozco a mi misma porque convencional no soy, ni tradicional, sino soy una persona en continua evoluci\u00f3n, poco apegada a cosas que se valoran mucho en el mundo humano que tenemos, como (por resumir) \u00abhacer sufrir, la fama, el poder y el dinero\u00bb, creo que aunque alguien pudiera conocerme algo mejor que yo a m\u00ed misma, no ser\u00eda suficiente para operar en esos contextos de lo que se le pide a la gente: te conozco, s\u00e9 que te puedo pedir esto, por ejemplo, un cl\u00e1sico (ya que soy la admin de Mujer Palabra), que me mire toda la obra de alguien, que seleccione lo que quiera publicar y que le aporte una cr\u00edtica. (Y yo, que \u00a1s\u00f3lo me atrevo a sentir gratitud si alguien me lee! Y cuando he informado de que me dar\u00eda curiosidad saber c\u00f3mo puede alguien percibir alg\u00fan poema o relato que yo haya escrito, y que no me har\u00eda da\u00f1o como escritora, que hablaran libremente, porque yo tengo mi criterio, aunque aprenda y porque aprendo, y todo lo uso para aprender, como si viviera en zona de guerra perpetua, cuando eso ha ocurrido, que ha sido poco, pienso, aunque no s\u00e9, quiz\u00e1 ha sido a menudo, creo recordar que s\u00f3lo una persona me ha contestado, Eni, una persona generosa en extremo. Y con esto, por favor, que nadie se sienta mal, porque no pretendo eso; adem\u00e1s, ese sentirse mal inhibe que se puedan decir cosas buenas a gente, porque importa m\u00e1s no molestar a la mayor\u00eda, y eso no es justo, pienso.)<\/span><\/p>\n<p><img loading=\"lazy\" decoding=\"async\" class=\"alignright wp-image-3705 size-full\" src=\"http:\/\/www.mujerpalabra.net\/blog\/wp-content\/uploads\/2015\/08\/ferlosio.jpg\" alt=\"ferlosio\" width=\"330\" height=\"480\" srcset=\"https:\/\/www.mujerpalabra.net\/blog\/wp-content\/uploads\/2015\/08\/ferlosio.jpg 330w, https:\/\/www.mujerpalabra.net\/blog\/wp-content\/uploads\/2015\/08\/ferlosio-206x300.jpg 206w\" sizes=\"auto, (max-width: 330px) 100vw, 330px\" \/><strong>Ferlosio<\/strong> dec\u00eda en un pecio tambi\u00e9n algo que quiz\u00e1 ten\u00eda que ver con esto que digo, pero aplicado a otro tema (y el sector l\u00e9sbico que no sean malitas \ud83d\ude42 &lt;3\u00a0): \u00abEn otro tiempo yo cre\u00eda que &#8216;entender&#8217; quer\u00eda decir bastante m\u00e1s de lo que a m\u00ed me pasaba cuando en verdad estaba entendiendo igual que los dem\u00e1s\u00bb (\u2026) p. 104 de \u00ab<strong><a href=\"http:\/\/www.anikaentrelibros.com\/vendran-mas-anos-malos-y-nos-haran-mas-ciegos\">Vendr\u00e1n m\u00e1s a\u00f1os malos y nos har\u00e1n m\u00e1s ciegos<\/a><\/strong>\u00bb (s\u00e9 que el t\u00edtulo no es alegre, pero es un libro que a m\u00ed me ha consolado a lo largo de la vida, porque est\u00e1 lleno de reflexiones honestas, imaginativas, inteligentes pienso yo, que conoci\u00e9ndome mal, fijaos qu\u00e9 mal, la mayor parte de mi vida, \u00a1hasta los treinta y tantos!, pens\u00e9 que era muy torpe respecto a inteligencia; y todo naci\u00f3 en el col\u00e9, supongo, por ser muy imaginativa y adem\u00e1s ni\u00f1a, un peligro, que ya veis, cuando me castigaban mirando a la pared, yo no entend\u00eda la humillaci\u00f3n y el da\u00f1o porque estaba muy ocupada descifrando las historias del muro).<\/p>\n<p>&nbsp;<\/p>\n<p>Bueno, ser\u00e1 que creo que me va a nacer un relato estoy demasiado sensible, que es algo que me pasa a veces o quiz\u00e1 todo el rato, tampoco lo s\u00e9.<br \/>\n( \ud83d\ude42 ) &lt;3<\/p>\n<p>&nbsp;<\/p>\n","protected":false},"excerpt":{"rendered":"<p>TE DESCONOCEN. Dec\u00edan Blanca Andreu al final de un poema (\u00abDi que quer\u00edas ser caballo griego\u00ab), \u00abTe desconoces, te desconoces\u00bb. Tambi\u00e9n est\u00e1 el \u00abte desconocen\u00bb aunque importe menos en tu casa propia, aunque mucho en las plazas p\u00fablicas (la difamaci\u00f3n, y la omisi\u00f3n, esas dos armas hist\u00e9ricas del patriarcado para machacar a las mujeres que [&hellip;]<\/p>\n","protected":false},"author":1,"featured_media":0,"comment_status":"open","ping_status":"open","sticky":false,"template":"","format":"standard","meta":{"footnotes":""},"categories":[326,132,301,4,14],"tags":[334,335],"class_list":["post-3702","post","type-post","status-publish","format-standard","hentry","category-inteligencia-feminista","category-libro-del-bien","category-manual-que-es-violencia","category-pensamientos-thoughts","category-telly","tag-blanca-andreu","tag-rafael-sanchez-ferlosio"],"_links":{"self":[{"href":"https:\/\/www.mujerpalabra.net\/blog\/index.php?rest_route=\/wp\/v2\/posts\/3702","targetHints":{"allow":["GET"]}}],"collection":[{"href":"https:\/\/www.mujerpalabra.net\/blog\/index.php?rest_route=\/wp\/v2\/posts"}],"about":[{"href":"https:\/\/www.mujerpalabra.net\/blog\/index.php?rest_route=\/wp\/v2\/types\/post"}],"author":[{"embeddable":true,"href":"https:\/\/www.mujerpalabra.net\/blog\/index.php?rest_route=\/wp\/v2\/users\/1"}],"replies":[{"embeddable":true,"href":"https:\/\/www.mujerpalabra.net\/blog\/index.php?rest_route=%2Fwp%2Fv2%2Fcomments&post=3702"}],"version-history":[{"count":4,"href":"https:\/\/www.mujerpalabra.net\/blog\/index.php?rest_route=\/wp\/v2\/posts\/3702\/revisions"}],"predecessor-version":[{"id":3707,"href":"https:\/\/www.mujerpalabra.net\/blog\/index.php?rest_route=\/wp\/v2\/posts\/3702\/revisions\/3707"}],"wp:attachment":[{"href":"https:\/\/www.mujerpalabra.net\/blog\/index.php?rest_route=%2Fwp%2Fv2%2Fmedia&parent=3702"}],"wp:term":[{"taxonomy":"category","embeddable":true,"href":"https:\/\/www.mujerpalabra.net\/blog\/index.php?rest_route=%2Fwp%2Fv2%2Fcategories&post=3702"},{"taxonomy":"post_tag","embeddable":true,"href":"https:\/\/www.mujerpalabra.net\/blog\/index.php?rest_route=%2Fwp%2Fv2%2Ftags&post=3702"}],"curies":[{"name":"wp","href":"https:\/\/api.w.org\/{rel}","templated":true}]}}