{"id":3578,"date":"2015-06-14T01:28:36","date_gmt":"2015-06-13T23:28:36","guid":{"rendered":"http:\/\/www.mujerpalabra.net\/blog\/?p=3578"},"modified":"2015-06-14T01:28:36","modified_gmt":"2015-06-13T23:28:36","slug":"felicidades-poblacion-de-barcelona","status":"publish","type":"post","link":"https:\/\/www.mujerpalabra.net\/blog\/?p=3578","title":{"rendered":"Felicidades, poblaci\u00f3n de Barcelona!"},"content":{"rendered":"<p><a class=\"profileLink\" href=\"https:\/\/www.facebook.com\/ada.ballano\" data-gt=\"{&quot;entity_id&quot;:&quot;448735748540429&quot;,&quot;entity_path&quot;:&quot;WebPermalinkStreamController&quot;}\" data-hovercard=\"\/ajax\/hovercard\/page.php?id=448735748540429\">Ada Colau Ballano<\/a>\u00a0(de su p\u00e1gina de fb): Lo reconozco: estoy nerviosa y emocionada. Hoy empieza un cambio en Barcelona pero tambi\u00e9n empieza un cambio en mi vida que, hace poco m\u00e1s de un a\u00f1o, no pod\u00eda ni imaginar.<br \/>\nHoy entrar\u00e9 por la puerta del Ayuntamiento a las 17h y saldr\u00e9 investida con un cargo que me inspira el m\u00e1ximo respeto: Alcaldesa.<br \/>\nLo que siempre le he exigido a un cargo como \u00e9ste es que tenga la valent\u00eda y la capacidad de ponerse en la piel de las personas a las que representa, por las que trabaja: los vecinos y vecinas de su ciudad.<br \/>\nEn el momento en que tome posesi\u00f3n del cargo, tendr\u00e9 esta exigencia muy presente. No tendr\u00eda sentido ped\u00edrselo a los dem\u00e1s y no exig\u00edrmelo a m\u00ed misma.<br \/>\nVendr\u00e1n momentos dif\u00edciles. Vivir\u00e9 tensiones, presiones y pasar\u00e9 por las miles de contradicciones que vienen incorporadas al cargo. Pero siempre tendr\u00e9 presente esta exigencia: saber ponerme en la piel de los dem\u00e1s, de los que sufren y de los que luchan por mejorar sus vidas en esta ciudad. Sufrir y luchar con la gente es la \u00fanica manera que concibo de gobernar.<br \/>\nNunca me han gustado mucho los protocolos, aunque entiendo su importancia y pasar\u00e9 por ellos, pero de todo lo que ocurrir\u00e1 esta tarde, lo que m\u00e1s me ilusiona es salir a la plaza y veros all\u00ed, dispuestos a celebrar el cambio y a gobernar conmigo.<\/p>\n<p><iframe loading=\"lazy\" title=\"El 13 de juny ens veiem a l&#039;Ajuntament!\" width=\"640\" height=\"360\" src=\"https:\/\/www.youtube.com\/embed\/12GVoJw8EK0?feature=oembed\" frameborder=\"0\" allow=\"accelerometer; autoplay; clipboard-write; encrypted-media; gyroscope; picture-in-picture; web-share\" referrerpolicy=\"strict-origin-when-cross-origin\" allowfullscreen><\/iframe><\/p>\n","protected":false},"excerpt":{"rendered":"<p>Ada Colau Ballano\u00a0(de su p\u00e1gina de fb): Lo reconozco: estoy nerviosa y emocionada. Hoy empieza un cambio en Barcelona pero tambi\u00e9n empieza un cambio en mi vida que, hace poco m\u00e1s de un a\u00f1o, no pod\u00eda ni imaginar. Hoy entrar\u00e9 por la puerta del Ayuntamiento a las 17h y saldr\u00e9 investida con un cargo que [&hellip;]<\/p>\n","protected":false},"author":1,"featured_media":0,"comment_status":"open","ping_status":"open","sticky":false,"template":"","format":"standard","meta":{"footnotes":""},"categories":[4],"tags":[199],"class_list":["post-3578","post","type-post","status-publish","format-standard","hentry","category-pensamientos-thoughts","tag-ada-colau"],"_links":{"self":[{"href":"https:\/\/www.mujerpalabra.net\/blog\/index.php?rest_route=\/wp\/v2\/posts\/3578","targetHints":{"allow":["GET"]}}],"collection":[{"href":"https:\/\/www.mujerpalabra.net\/blog\/index.php?rest_route=\/wp\/v2\/posts"}],"about":[{"href":"https:\/\/www.mujerpalabra.net\/blog\/index.php?rest_route=\/wp\/v2\/types\/post"}],"author":[{"embeddable":true,"href":"https:\/\/www.mujerpalabra.net\/blog\/index.php?rest_route=\/wp\/v2\/users\/1"}],"replies":[{"embeddable":true,"href":"https:\/\/www.mujerpalabra.net\/blog\/index.php?rest_route=%2Fwp%2Fv2%2Fcomments&post=3578"}],"version-history":[{"count":1,"href":"https:\/\/www.mujerpalabra.net\/blog\/index.php?rest_route=\/wp\/v2\/posts\/3578\/revisions"}],"predecessor-version":[{"id":3579,"href":"https:\/\/www.mujerpalabra.net\/blog\/index.php?rest_route=\/wp\/v2\/posts\/3578\/revisions\/3579"}],"wp:attachment":[{"href":"https:\/\/www.mujerpalabra.net\/blog\/index.php?rest_route=%2Fwp%2Fv2%2Fmedia&parent=3578"}],"wp:term":[{"taxonomy":"category","embeddable":true,"href":"https:\/\/www.mujerpalabra.net\/blog\/index.php?rest_route=%2Fwp%2Fv2%2Fcategories&post=3578"},{"taxonomy":"post_tag","embeddable":true,"href":"https:\/\/www.mujerpalabra.net\/blog\/index.php?rest_route=%2Fwp%2Fv2%2Ftags&post=3578"}],"curies":[{"name":"wp","href":"https:\/\/api.w.org\/{rel}","templated":true}]}}