{"id":3325,"date":"2015-01-17T23:17:59","date_gmt":"2015-01-17T23:17:59","guid":{"rendered":"http:\/\/www.mujerpalabra.net\/blog\/?p=3325"},"modified":"2015-01-17T23:17:59","modified_gmt":"2015-01-17T23:17:59","slug":"mas-sobre-noviolencia-y-violencia","status":"publish","type":"post","link":"https:\/\/www.mujerpalabra.net\/blog\/?p=3325","title":{"rendered":"M\u00e1s sobre noviolencia y violencia"},"content":{"rendered":"<p>(Del muro de mujerpalabra en Fb)\u00a0 SOBRE NOVIOLENCIA. La poblaci\u00f3n deber\u00eda pensar m\u00e1s en esto porque se tienen ideas muy raras sobre algo que puede suponer vivir una vida con m\u00e1s calidad en muchos sentidos. Se cree que la gente noviolenta come s\u00f3lo lechuga, pone la otra mejilla cuando les atacan o agreden, suspenden el uso de la inteligencia cr\u00edtica, y ceder sumisamente, lo que se dice \u00abser flexible\u00bb que quiere decir \u00abceder en lo que no se puede ceder\u00bb, para no disentir jam\u00e1s con nadie bajo ning\u00fan concepto. Y <span class=\"text_exposed_show\">algo importante: que sus principios inviolables les impiden alzar la voz. \u00a1Y c\u00f3mo no se ven un mont\u00f3n de violencias que se ejercen a diario! (conceptuales, actitudinales y de palabra, por ejmplo). <\/span><\/p>\n<p><span class=\"text_exposed_show\">Realmente deber\u00eda sentarme a escribir sobre este tema. Si tuviera tiempooo! C\u00f3mo me gustar\u00eda escribir sobre violencia y noviolencia desde la inteligencia feminista! Suspiritos! <\/span><\/p>\n","protected":false},"excerpt":{"rendered":"<p>(Del muro de mujerpalabra en Fb)\u00a0 SOBRE NOVIOLENCIA. La poblaci\u00f3n deber\u00eda pensar m\u00e1s en esto porque se tienen ideas muy raras sobre algo que puede suponer vivir una vida con m\u00e1s calidad en muchos sentidos. Se cree que la gente noviolenta come s\u00f3lo lechuga, pone la otra mejilla cuando les atacan o agreden, suspenden el [&hellip;]<\/p>\n","protected":false},"author":1,"featured_media":0,"comment_status":"open","ping_status":"open","sticky":false,"template":"","format":"standard","meta":{"footnotes":""},"categories":[244,132,292,4],"tags":[],"class_list":["post-3325","post","type-post","status-publish","format-standard","hentry","category-contradicciones-aparentes","category-libro-del-bien","category-no-pasaremos-a-la-historia","category-pensamientos-thoughts"],"_links":{"self":[{"href":"https:\/\/www.mujerpalabra.net\/blog\/index.php?rest_route=\/wp\/v2\/posts\/3325","targetHints":{"allow":["GET"]}}],"collection":[{"href":"https:\/\/www.mujerpalabra.net\/blog\/index.php?rest_route=\/wp\/v2\/posts"}],"about":[{"href":"https:\/\/www.mujerpalabra.net\/blog\/index.php?rest_route=\/wp\/v2\/types\/post"}],"author":[{"embeddable":true,"href":"https:\/\/www.mujerpalabra.net\/blog\/index.php?rest_route=\/wp\/v2\/users\/1"}],"replies":[{"embeddable":true,"href":"https:\/\/www.mujerpalabra.net\/blog\/index.php?rest_route=%2Fwp%2Fv2%2Fcomments&post=3325"}],"version-history":[{"count":1,"href":"https:\/\/www.mujerpalabra.net\/blog\/index.php?rest_route=\/wp\/v2\/posts\/3325\/revisions"}],"predecessor-version":[{"id":3326,"href":"https:\/\/www.mujerpalabra.net\/blog\/index.php?rest_route=\/wp\/v2\/posts\/3325\/revisions\/3326"}],"wp:attachment":[{"href":"https:\/\/www.mujerpalabra.net\/blog\/index.php?rest_route=%2Fwp%2Fv2%2Fmedia&parent=3325"}],"wp:term":[{"taxonomy":"category","embeddable":true,"href":"https:\/\/www.mujerpalabra.net\/blog\/index.php?rest_route=%2Fwp%2Fv2%2Fcategories&post=3325"},{"taxonomy":"post_tag","embeddable":true,"href":"https:\/\/www.mujerpalabra.net\/blog\/index.php?rest_route=%2Fwp%2Fv2%2Ftags&post=3325"}],"curies":[{"name":"wp","href":"https:\/\/api.w.org\/{rel}","templated":true}]}}