{"id":3305,"date":"2014-12-22T23:39:17","date_gmt":"2014-12-22T23:39:17","guid":{"rendered":"http:\/\/www.mujerpalabra.net\/blog\/?p=3305"},"modified":"2014-12-22T23:39:17","modified_gmt":"2014-12-22T23:39:17","slug":"egoismo-y-violencia","status":"publish","type":"post","link":"https:\/\/www.mujerpalabra.net\/blog\/?p=3305","title":{"rendered":"Ego\u00edsmo y violencia"},"content":{"rendered":"<p>Sobre el problema del ego\u00edsmo. El mayor problema no es que queramos cuidar lo nuestro. Eso no es un problema. Es l\u00f3gico y natural. El problema se da cuando cuidar lo tuyo implica abusar del resto, o sea, violencia hacia el resto. Revisando frases conocidas, El l\u00edmite de tu ego\u00edsmo est\u00e1 en los derechos de todas las personas. Ah\u00ed radica la diferencia entre el ego\u00edsmo noviolento y el violento o patriarcal, que perpet\u00faa el sistema de violencia desde lo que Hannah Arendt al parecer llam\u00f3 la vanalidad del mal.<\/p>\n","protected":false},"excerpt":{"rendered":"<p>Sobre el problema del ego\u00edsmo. El mayor problema no es que queramos cuidar lo nuestro. Eso no es un problema. Es l\u00f3gico y natural. El problema se da cuando cuidar lo tuyo implica abusar del resto, o sea, violencia hacia el resto. Revisando frases conocidas, El l\u00edmite de tu ego\u00edsmo est\u00e1 en los derechos de [&hellip;]<\/p>\n","protected":false},"author":1,"featured_media":0,"comment_status":"open","ping_status":"open","sticky":false,"template":"","format":"standard","meta":{"footnotes":""},"categories":[244,132,292,4],"tags":[],"class_list":["post-3305","post","type-post","status-publish","format-standard","hentry","category-contradicciones-aparentes","category-libro-del-bien","category-no-pasaremos-a-la-historia","category-pensamientos-thoughts"],"_links":{"self":[{"href":"https:\/\/www.mujerpalabra.net\/blog\/index.php?rest_route=\/wp\/v2\/posts\/3305","targetHints":{"allow":["GET"]}}],"collection":[{"href":"https:\/\/www.mujerpalabra.net\/blog\/index.php?rest_route=\/wp\/v2\/posts"}],"about":[{"href":"https:\/\/www.mujerpalabra.net\/blog\/index.php?rest_route=\/wp\/v2\/types\/post"}],"author":[{"embeddable":true,"href":"https:\/\/www.mujerpalabra.net\/blog\/index.php?rest_route=\/wp\/v2\/users\/1"}],"replies":[{"embeddable":true,"href":"https:\/\/www.mujerpalabra.net\/blog\/index.php?rest_route=%2Fwp%2Fv2%2Fcomments&post=3305"}],"version-history":[{"count":1,"href":"https:\/\/www.mujerpalabra.net\/blog\/index.php?rest_route=\/wp\/v2\/posts\/3305\/revisions"}],"predecessor-version":[{"id":3306,"href":"https:\/\/www.mujerpalabra.net\/blog\/index.php?rest_route=\/wp\/v2\/posts\/3305\/revisions\/3306"}],"wp:attachment":[{"href":"https:\/\/www.mujerpalabra.net\/blog\/index.php?rest_route=%2Fwp%2Fv2%2Fmedia&parent=3305"}],"wp:term":[{"taxonomy":"category","embeddable":true,"href":"https:\/\/www.mujerpalabra.net\/blog\/index.php?rest_route=%2Fwp%2Fv2%2Fcategories&post=3305"},{"taxonomy":"post_tag","embeddable":true,"href":"https:\/\/www.mujerpalabra.net\/blog\/index.php?rest_route=%2Fwp%2Fv2%2Ftags&post=3305"}],"curies":[{"name":"wp","href":"https:\/\/api.w.org\/{rel}","templated":true}]}}