{"id":3301,"date":"2014-12-22T23:15:30","date_gmt":"2014-12-22T23:15:30","guid":{"rendered":"http:\/\/www.mujerpalabra.net\/blog\/?p=3301"},"modified":"2014-12-22T23:36:55","modified_gmt":"2014-12-22T23:36:55","slug":"mujeres-y-hombres-patriarcales","status":"publish","type":"post","link":"https:\/\/www.mujerpalabra.net\/blog\/?p=3301","title":{"rendered":"Mujeres y hombres patriarcales"},"content":{"rendered":"<p>La construcci\u00f3n de g\u00e9neros patriarcal es un crimen contra la humanidad.<\/p>\n<p>En relaci\u00f3n, estoy de las mujeres radical e inconscientemente patriarcales\u2026 que no puedo m\u00e1s\u2026 De los hombres as\u00ed, sin duda, pero tambi\u00e9n de esas mujeres.<\/p>\n<p>No entender\u00e1n todas esas personas que la mente humana es maleable y que se puede desarrollar hacia la humanidad, superando el anacronismo de que los genitales determinen un desarrollo determinado seg\u00fan espera todo el mundo\u2026 qu\u00e9 hartura que tengo\u2026<\/p>\n<p>Los hombres patriarcales sobreestiman su inteligencia, las mujeres patriarcales la subestiman y matan a quien sea, como esclavas entrenadas, \u00a1antes de que se dude de \u00abSus Hombres\u00bb, los l\u00edderes de la especie! Cansino.<\/p>\n<p><a href=\"http:\/\/www.mujerpalabra.net\/blog\/wp-content\/uploads\/2014\/12\/construyenmujer.jpg\"><img loading=\"lazy\" decoding=\"async\" class=\"alignleft size-full wp-image-3303\" src=\"http:\/\/www.mujerpalabra.net\/blog\/wp-content\/uploads\/2014\/12\/construyenmujer.jpg\" alt=\"construyenmujer\" width=\"480\" height=\"480\" srcset=\"https:\/\/www.mujerpalabra.net\/blog\/wp-content\/uploads\/2014\/12\/construyenmujer.jpg 480w, https:\/\/www.mujerpalabra.net\/blog\/wp-content\/uploads\/2014\/12\/construyenmujer-150x150.jpg 150w, https:\/\/www.mujerpalabra.net\/blog\/wp-content\/uploads\/2014\/12\/construyenmujer-300x300.jpg 300w\" sizes=\"auto, (max-width: 480px) 100vw, 480px\" \/><\/a><\/p>\n","protected":false},"excerpt":{"rendered":"<p>La construcci\u00f3n de g\u00e9neros patriarcal es un crimen contra la humanidad. En relaci\u00f3n, estoy de las mujeres radical e inconscientemente patriarcales\u2026 que no puedo m\u00e1s\u2026 De los hombres as\u00ed, sin duda, pero tambi\u00e9n de esas mujeres. No entender\u00e1n todas esas personas que la mente humana es maleable y que se puede desarrollar hacia la humanidad, [&hellip;]<\/p>\n","protected":false},"author":1,"featured_media":0,"comment_status":"open","ping_status":"open","sticky":false,"template":"","format":"standard","meta":{"footnotes":""},"categories":[244,132,4],"tags":[],"class_list":["post-3301","post","type-post","status-publish","format-standard","hentry","category-contradicciones-aparentes","category-libro-del-bien","category-pensamientos-thoughts"],"_links":{"self":[{"href":"https:\/\/www.mujerpalabra.net\/blog\/index.php?rest_route=\/wp\/v2\/posts\/3301","targetHints":{"allow":["GET"]}}],"collection":[{"href":"https:\/\/www.mujerpalabra.net\/blog\/index.php?rest_route=\/wp\/v2\/posts"}],"about":[{"href":"https:\/\/www.mujerpalabra.net\/blog\/index.php?rest_route=\/wp\/v2\/types\/post"}],"author":[{"embeddable":true,"href":"https:\/\/www.mujerpalabra.net\/blog\/index.php?rest_route=\/wp\/v2\/users\/1"}],"replies":[{"embeddable":true,"href":"https:\/\/www.mujerpalabra.net\/blog\/index.php?rest_route=%2Fwp%2Fv2%2Fcomments&post=3301"}],"version-history":[{"count":2,"href":"https:\/\/www.mujerpalabra.net\/blog\/index.php?rest_route=\/wp\/v2\/posts\/3301\/revisions"}],"predecessor-version":[{"id":3304,"href":"https:\/\/www.mujerpalabra.net\/blog\/index.php?rest_route=\/wp\/v2\/posts\/3301\/revisions\/3304"}],"wp:attachment":[{"href":"https:\/\/www.mujerpalabra.net\/blog\/index.php?rest_route=%2Fwp%2Fv2%2Fmedia&parent=3301"}],"wp:term":[{"taxonomy":"category","embeddable":true,"href":"https:\/\/www.mujerpalabra.net\/blog\/index.php?rest_route=%2Fwp%2Fv2%2Fcategories&post=3301"},{"taxonomy":"post_tag","embeddable":true,"href":"https:\/\/www.mujerpalabra.net\/blog\/index.php?rest_route=%2Fwp%2Fv2%2Ftags&post=3301"}],"curies":[{"name":"wp","href":"https:\/\/api.w.org\/{rel}","templated":true}]}}