{"id":3036,"date":"2014-08-13T22:30:36","date_gmt":"2014-08-13T22:30:36","guid":{"rendered":"http:\/\/www.mujerpalabra.net\/blog\/?p=3036"},"modified":"2014-09-11T20:06:17","modified_gmt":"2014-09-11T20:06:17","slug":"mujer-al-mar-poema","status":"publish","type":"post","link":"https:\/\/www.mujerpalabra.net\/blog\/?p=3036","title":{"rendered":"Mujer al mar"},"content":{"rendered":"<p>Subo la monta\u00f1a, llego a la cima.<\/p>\n<p>El verano grita su atardecer abierto.<\/p>\n<p>Hay palmeras, buganvilias, jazmines,<\/p>\n<p>pinos aislados, inclinados,<\/p>\n<p>hay caminos serpenteantes, casas.<\/p>\n<p>Azulejos, paredes encaladas, olivos.<\/p>\n<p>Bajo como una gata, recuperando<\/p>\n<p>la flexibilidad de las piernas, lo mullido<\/p>\n<p>de las plantas de mis pies endurecidas.<\/p>\n<p>Llego al mar.<\/p>\n<p>De pronto la bruma cubre el cielo,<\/p>\n<p>el agua se pone verde cobalto de plata.<\/p>\n<p>Se pierde el horizonte, desaparece.<\/p>\n<p>Las olas se cargan negras, como humo en el incendio.<\/p>\n<p>Estallan blancas y fieras sobre las rocas ardidas<\/p>\n<p>que las rompen en mil pedazos, las perforan, las raspan<\/p>\n<p>mientras ellas rugen tormentas de sal ensordecedoras<\/p>\n<p>y luego se abren, apaciguadas y veloces,<\/p>\n<p>como un delta sobre mis pies,<\/p>\n<p>hundi\u00e9ndome un poco en la arena.<\/p>\n<p>\u201cAh\u00ed quieta, un momento. Atiende.<\/p>\n<p>T\u00fa tienes de esto.<\/p>\n<p>No lo olvides.\u201d<\/p>\n<p>&nbsp;<\/p>\n<p>(Poema, a quienes luchan y viven)<\/p>\n<p>A Lula, Pepa, Sof\u00eda, Tico, Yamila, Miguel \u00c1ngel, Francis, Marialuisa, a Paco Jerez y Paco Gilabert, a Liliana Costa, a Lola e Isabel, Juana, Eva y Jes\u00fas, Saray, Angels, Bego\u00f1a, a Pilar, Pablo, Gabriela, Azucena, Vecha, a Odette y Sole Enfrecida, a Mar\u00eda Bardena, a Carmen, Marta, Lola, Lupe, Laura, Mar\u00eda, M\u00f3nica, Micaela, Helena, Ana, Cecilia, Arita, Marisa, Gadye, Ximena, Marili, Patricia, Elo\u00edsa, Zulma, Esther, Michael, \u00c1lvaro, Albert, Roberto, Patricia, Xeta, Coral, Francisca, Francisco, Marga, Mari\u00e1ngeles, Mavi, Carlos, Violeta, Cristina, Maite, Elvira, Krmen, Jotac\u00e9, M\u00f3nica, Mercedes, Valeria, Patricia Karina, Teresa, Beatriz, Rafael, Jorge, Luz, Ela, Xavier, Eva, Raquel, a Mapi, Adriana, Stella, Lu, Maria Elena, Concha, Eul\u00e0lia, Antonio, Jos\u00e9mar\u00eda\u2026 A quienes luchan y viven.<\/p>\n","protected":false},"excerpt":{"rendered":"<p>Subo la monta\u00f1a, llego a la cima. El verano grita su atardecer abierto. Hay palmeras, buganvilias, jazmines, pinos aislados, inclinados, hay caminos serpenteantes, casas. Azulejos, paredes encaladas, olivos. Bajo como una gata, recuperando la flexibilidad de las piernas, lo mullido de las plantas de mis pies endurecidas. Llego al mar. De pronto la bruma cubre [&hellip;]<\/p>\n","protected":false},"author":1,"featured_media":0,"comment_status":"open","ping_status":"open","sticky":false,"template":"","format":"standard","meta":{"footnotes":""},"categories":[5],"tags":[],"class_list":["post-3036","post","type-post","status-publish","format-standard","hentry","category-poemas-poems"],"_links":{"self":[{"href":"https:\/\/www.mujerpalabra.net\/blog\/index.php?rest_route=\/wp\/v2\/posts\/3036","targetHints":{"allow":["GET"]}}],"collection":[{"href":"https:\/\/www.mujerpalabra.net\/blog\/index.php?rest_route=\/wp\/v2\/posts"}],"about":[{"href":"https:\/\/www.mujerpalabra.net\/blog\/index.php?rest_route=\/wp\/v2\/types\/post"}],"author":[{"embeddable":true,"href":"https:\/\/www.mujerpalabra.net\/blog\/index.php?rest_route=\/wp\/v2\/users\/1"}],"replies":[{"embeddable":true,"href":"https:\/\/www.mujerpalabra.net\/blog\/index.php?rest_route=%2Fwp%2Fv2%2Fcomments&post=3036"}],"version-history":[{"count":15,"href":"https:\/\/www.mujerpalabra.net\/blog\/index.php?rest_route=\/wp\/v2\/posts\/3036\/revisions"}],"predecessor-version":[{"id":3138,"href":"https:\/\/www.mujerpalabra.net\/blog\/index.php?rest_route=\/wp\/v2\/posts\/3036\/revisions\/3138"}],"wp:attachment":[{"href":"https:\/\/www.mujerpalabra.net\/blog\/index.php?rest_route=%2Fwp%2Fv2%2Fmedia&parent=3036"}],"wp:term":[{"taxonomy":"category","embeddable":true,"href":"https:\/\/www.mujerpalabra.net\/blog\/index.php?rest_route=%2Fwp%2Fv2%2Fcategories&post=3036"},{"taxonomy":"post_tag","embeddable":true,"href":"https:\/\/www.mujerpalabra.net\/blog\/index.php?rest_route=%2Fwp%2Fv2%2Ftags&post=3036"}],"curies":[{"name":"wp","href":"https:\/\/api.w.org\/{rel}","templated":true}]}}