{"id":2942,"date":"2014-06-16T23:47:47","date_gmt":"2014-06-16T23:47:47","guid":{"rendered":"http:\/\/www.mujerpalabra.net\/blog\/?p=2942"},"modified":"2014-06-16T23:47:47","modified_gmt":"2014-06-16T23:47:47","slug":"no-seas-malpensada","status":"publish","type":"post","link":"https:\/\/www.mujerpalabra.net\/blog\/?p=2942","title":{"rendered":"\u00abNo seas malpensada\u00bb"},"content":{"rendered":"<p>Hoy una feminista veterana me ha dicho esto por mi cr\u00edtica a que el l\u00edder de Podemos no jurara o prometiera su cargo hablando de la \u00abciudadan\u00eda\u00bb sino de \u00ablos ciudadanos\u00bb. Es decir, <strong>haces una cr\u00edtica cient\u00edfica, refutable o no, pero basada en hechos, y adem\u00e1s de racionalidad emp\u00e1tica<\/strong> y no de l\u00f3gica, es decir, fundada en la comprensi\u00f3n de que no hay justicia si no se combina la raz\u00f3n y el sentimiento, <strong>y el problema eres t\u00fa,<\/strong> como siempre. L<strong>a falacia contra la persona<\/strong>, no la radical falta de empat\u00eda hacia las mujeres en las sociedades patriarcales, entre nosotros desde el neol\u00edtico.<\/p>\n<p>Imponer la exclusi\u00f3n no es democr\u00e1tico porque se est\u00e9 discutiendo, cu\u00e1nta demagogia, cu\u00e1nto h\u00e9roe, cu\u00e1nta patria, cu\u00e1nto dios. Lo democr\u00e1tico es favorecer la inclusi\u00f3n, pienso yo, que pienso con m\u00e1s libertad.<\/p>\n<p>Qu\u00e9 m\u00e1s pruebas necesitan para comprender la conexi\u00f3n entre siglos de opresi\u00f3n de media humanidad y su ausencia de todos los lugares excepto los asignados por los patriarcas, y el lenguaje, que refleja toda la realidad humana en su evoluci\u00f3n. Cu\u00e1ntos siglos m\u00e1s de lenguaje patriarcal, autoritario mis\u00f3gino.<\/p>\n<p>Los que hagan falta, porque las mujeres son inferiores, no tienen ni derecho a ser nombradas, ni por m\u00ednima educaci\u00f3n. Hay que resistir tanta imbecilidad de las f\u00e9minas, que luego se te suben a las barbas.<\/p>\n","protected":false},"excerpt":{"rendered":"<p>Hoy una feminista veterana me ha dicho esto por mi cr\u00edtica a que el l\u00edder de Podemos no jurara o prometiera su cargo hablando de la \u00abciudadan\u00eda\u00bb sino de \u00ablos ciudadanos\u00bb. Es decir, haces una cr\u00edtica cient\u00edfica, refutable o no, pero basada en hechos, y adem\u00e1s de racionalidad emp\u00e1tica y no de l\u00f3gica, es decir, [&hellip;]<\/p>\n","protected":false},"author":1,"featured_media":0,"comment_status":"open","ping_status":"open","sticky":false,"template":"","format":"standard","meta":{"footnotes":""},"categories":[4],"tags":[24,77],"class_list":["post-2942","post","type-post","status-publish","format-standard","hentry","category-pensamientos-thoughts","tag-feminismo","tag-politica-y-sociedad"],"_links":{"self":[{"href":"https:\/\/www.mujerpalabra.net\/blog\/index.php?rest_route=\/wp\/v2\/posts\/2942","targetHints":{"allow":["GET"]}}],"collection":[{"href":"https:\/\/www.mujerpalabra.net\/blog\/index.php?rest_route=\/wp\/v2\/posts"}],"about":[{"href":"https:\/\/www.mujerpalabra.net\/blog\/index.php?rest_route=\/wp\/v2\/types\/post"}],"author":[{"embeddable":true,"href":"https:\/\/www.mujerpalabra.net\/blog\/index.php?rest_route=\/wp\/v2\/users\/1"}],"replies":[{"embeddable":true,"href":"https:\/\/www.mujerpalabra.net\/blog\/index.php?rest_route=%2Fwp%2Fv2%2Fcomments&post=2942"}],"version-history":[{"count":1,"href":"https:\/\/www.mujerpalabra.net\/blog\/index.php?rest_route=\/wp\/v2\/posts\/2942\/revisions"}],"predecessor-version":[{"id":2943,"href":"https:\/\/www.mujerpalabra.net\/blog\/index.php?rest_route=\/wp\/v2\/posts\/2942\/revisions\/2943"}],"wp:attachment":[{"href":"https:\/\/www.mujerpalabra.net\/blog\/index.php?rest_route=%2Fwp%2Fv2%2Fmedia&parent=2942"}],"wp:term":[{"taxonomy":"category","embeddable":true,"href":"https:\/\/www.mujerpalabra.net\/blog\/index.php?rest_route=%2Fwp%2Fv2%2Fcategories&post=2942"},{"taxonomy":"post_tag","embeddable":true,"href":"https:\/\/www.mujerpalabra.net\/blog\/index.php?rest_route=%2Fwp%2Fv2%2Ftags&post=2942"}],"curies":[{"name":"wp","href":"https:\/\/api.w.org\/{rel}","templated":true}]}}