{"id":2805,"date":"2014-04-18T00:08:33","date_gmt":"2014-04-18T00:08:33","guid":{"rendered":"http:\/\/www.mujerpalabra.net\/blog\/?p=2805"},"modified":"2014-04-18T00:09:44","modified_gmt":"2014-04-18T00:09:44","slug":"en-el-mundo-demencial-las-mujeres-siempre-malas-porque-todas-son","status":"publish","type":"post","link":"https:\/\/www.mujerpalabra.net\/blog\/?p=2805","title":{"rendered":"En el mundo demencial las mujeres, siempre malas, porque todas son&#8230;"},"content":{"rendered":"<div>\n<div>\n<div>\n<div id=\"id_53506bbae5b110319304324\">Bueno, como feminista, me he pasado la vida rescatando lo rescatable de los Grandes Hombres de la Historia. Tengo al mis\u00f3gino de Freud (ahora se podr\u00e1 decir, no?, en mi mesilla, porque a veces voy sacando trozos. No creo que la gente sin inteligencia feminista sepa m\u00e1s que una persona que s\u00ed la tenga de tolerancia, de rescatar lo rescatable. As\u00ed que cuando esa gente normal, que no tolera escuchar una informaci\u00f3n o razonamiento de una feminista, te da la Gran Lecci\u00f3n Moral, te habla de tolerancia, de convivencia, de reconocimiento a los Grandes, de tu problema de envidia, de tu mala leche y amargura&#8230; (as\u00ed ad nauseam) siempre me dan n\u00e1useas f\u00edsicas desde el inicio, tan aprendido que lo tengo! Tan r\u00e1pido que reconozco su violencia extrema. Cuando te dan la Lecci\u00f3n Moral de que no les jodas el mensaje, el show, el homenaje, la fiesta&#8230; Como para que les propongas que escuchen. Como para que les recuerdes que nadie es 100% algo, y que el pensamiento cr\u00edtico nos ayuda a mejorar, y a sacar lo bueno, sin tragarnos lo malo. Si no te vas, te linchan fijo.<\/div>\n<\/div>\n<\/div>\n<\/div>\n","protected":false},"excerpt":{"rendered":"<p>Bueno, como feminista, me he pasado la vida rescatando lo rescatable de los Grandes Hombres de la Historia. Tengo al mis\u00f3gino de Freud (ahora se podr\u00e1 decir, no?, en mi mesilla, porque a veces voy sacando trozos. No creo que la gente sin inteligencia feminista sepa m\u00e1s que una persona que s\u00ed la tenga de [&hellip;]<\/p>\n","protected":false},"author":1,"featured_media":0,"comment_status":"open","ping_status":"open","sticky":false,"template":"","format":"standard","meta":{"footnotes":""},"categories":[4],"tags":[66],"class_list":["post-2805","post","type-post","status-publish","format-standard","hentry","category-pensamientos-thoughts","tag-crueldad-patriarcal"],"_links":{"self":[{"href":"https:\/\/www.mujerpalabra.net\/blog\/index.php?rest_route=\/wp\/v2\/posts\/2805","targetHints":{"allow":["GET"]}}],"collection":[{"href":"https:\/\/www.mujerpalabra.net\/blog\/index.php?rest_route=\/wp\/v2\/posts"}],"about":[{"href":"https:\/\/www.mujerpalabra.net\/blog\/index.php?rest_route=\/wp\/v2\/types\/post"}],"author":[{"embeddable":true,"href":"https:\/\/www.mujerpalabra.net\/blog\/index.php?rest_route=\/wp\/v2\/users\/1"}],"replies":[{"embeddable":true,"href":"https:\/\/www.mujerpalabra.net\/blog\/index.php?rest_route=%2Fwp%2Fv2%2Fcomments&post=2805"}],"version-history":[{"count":2,"href":"https:\/\/www.mujerpalabra.net\/blog\/index.php?rest_route=\/wp\/v2\/posts\/2805\/revisions"}],"predecessor-version":[{"id":2807,"href":"https:\/\/www.mujerpalabra.net\/blog\/index.php?rest_route=\/wp\/v2\/posts\/2805\/revisions\/2807"}],"wp:attachment":[{"href":"https:\/\/www.mujerpalabra.net\/blog\/index.php?rest_route=%2Fwp%2Fv2%2Fmedia&parent=2805"}],"wp:term":[{"taxonomy":"category","embeddable":true,"href":"https:\/\/www.mujerpalabra.net\/blog\/index.php?rest_route=%2Fwp%2Fv2%2Fcategories&post=2805"},{"taxonomy":"post_tag","embeddable":true,"href":"https:\/\/www.mujerpalabra.net\/blog\/index.php?rest_route=%2Fwp%2Fv2%2Ftags&post=2805"}],"curies":[{"name":"wp","href":"https:\/\/api.w.org\/{rel}","templated":true}]}}